{"id":2582,"date":"2025-01-28T12:18:14","date_gmt":"2025-01-28T12:18:14","guid":{"rendered":"https:\/\/cejc-madrid.org\/?p=2582"},"modified":"2025-01-29T16:32:05","modified_gmt":"2025-01-29T16:32:05","slug":"2582","status":"publish","type":"post","link":"https:\/\/cejc-madrid.org\/index.php\/2025\/01\/28\/2582\/","title":{"rendered":""},"content":{"rendered":"<h3>Un a\u00f1o m\u00e1s, El CEJC ha estado presente en los actos institucionales de conmemoraci\u00f3n de las v\u00edctimas del Holocausto, el 27 de enero en el Senado y el 28 de enero en la Asamblea de Madrid.<\/h3>\n<h3>A continuaci\u00f3n, el enlace para poder visualizar el acto en el Senado:<\/h3>\n<p><iframe loading=\"lazy\" title=\"SENADO:  ACTO por EL HOLOCAUSTO  EN EL 80 ANIVERSARIO de la LIBERACI\u00d3N de AUSCHWITZ | RTVE Noticias\" width=\"1080\" height=\"608\" src=\"https:\/\/www.youtube.com\/embed\/OqI8jQNk3ZY?feature=oembed\"  allow=\"accelerometer; autoplay; clipboard-write; encrypted-media; gyroscope; picture-in-picture; web-share\" referrerpolicy=\"strict-origin-when-cross-origin\" allowfullscreen><\/iframe><\/p>\n<h3><\/h3>\n<h3>El enlace para poder visualizar el acto en la Asamblea de Madrid:<\/h3>\n<h3><a href=\"https:\/\/fb.watch\/xq3YaQQXH_\/\">https:\/\/fb.watch\/xq3YaQQXH_\/<\/a><\/h3>\n<p>&nbsp;<\/p>\n<p>&nbsp;<\/p>\n","protected":false},"excerpt":{"rendered":"<p>Un a\u00f1o m\u00e1s, El CEJC ha estado presente en los actos institucionales de conmemoraci\u00f3n de las v\u00edctimas del Holocausto, el 27 de enero en el Senado y el 28 de enero en la Asamblea de Madrid. A continuaci\u00f3n, el enlace para poder visualizar el acto en el Senado: El enlace para poder visualizar el acto [&hellip;]<\/p>\n","protected":false},"author":2,"featured_media":2583,"comment_status":"closed","ping_status":"closed","sticky":false,"template":"","format":"standard","meta":{"_et_pb_use_builder":"","_et_pb_old_content":"","_et_gb_content_width":"","footnotes":""},"categories":[33],"tags":[],"class_list":["post-2582","post","type-post","status-publish","format-standard","has-post-thumbnail","hentry","category-news"],"_links":{"self":[{"href":"https:\/\/cejc-madrid.org\/index.php\/wp-json\/wp\/v2\/posts\/2582","targetHints":{"allow":["GET"]}}],"collection":[{"href":"https:\/\/cejc-madrid.org\/index.php\/wp-json\/wp\/v2\/posts"}],"about":[{"href":"https:\/\/cejc-madrid.org\/index.php\/wp-json\/wp\/v2\/types\/post"}],"author":[{"embeddable":true,"href":"https:\/\/cejc-madrid.org\/index.php\/wp-json\/wp\/v2\/users\/2"}],"replies":[{"embeddable":true,"href":"https:\/\/cejc-madrid.org\/index.php\/wp-json\/wp\/v2\/comments?post=2582"}],"version-history":[{"count":7,"href":"https:\/\/cejc-madrid.org\/index.php\/wp-json\/wp\/v2\/posts\/2582\/revisions"}],"predecessor-version":[{"id":2594,"href":"https:\/\/cejc-madrid.org\/index.php\/wp-json\/wp\/v2\/posts\/2582\/revisions\/2594"}],"wp:featuredmedia":[{"embeddable":true,"href":"https:\/\/cejc-madrid.org\/index.php\/wp-json\/wp\/v2\/media\/2583"}],"wp:attachment":[{"href":"https:\/\/cejc-madrid.org\/index.php\/wp-json\/wp\/v2\/media?parent=2582"}],"wp:term":[{"taxonomy":"category","embeddable":true,"href":"https:\/\/cejc-madrid.org\/index.php\/wp-json\/wp\/v2\/categories?post=2582"},{"taxonomy":"post_tag","embeddable":true,"href":"https:\/\/cejc-madrid.org\/index.php\/wp-json\/wp\/v2\/tags?post=2582"}],"curies":[{"name":"wp","href":"https:\/\/api.w.org\/{rel}","templated":true}]}}