{"id":2589,"date":"2025-01-28T12:59:19","date_gmt":"2025-01-28T12:59:19","guid":{"rendered":"https:\/\/cejc-madrid.org\/?p=2589"},"modified":"2025-01-28T12:59:19","modified_gmt":"2025-01-28T12:59:19","slug":"2589","status":"publish","type":"post","link":"https:\/\/cejc-madrid.org\/index.php\/2025\/01\/28\/2589\/","title":{"rendered":""},"content":{"rendered":"<div class=\"html-div xdj266r x11i5rnm xat24cr x1mh8g0r xexx8yu x4uap5 x18d9i69 xkhd6sd\">\n<div class=\"html-div xdj266r x11i5rnm xat24cr x1mh8g0r xexx8yu x4uap5 x18d9i69 xkhd6sd\" dir=\"auto\">\n<div class=\"html-div xdj266r x11i5rnm xat24cr x1mh8g0r xexx8yu x4uap5 x18d9i69 xkhd6sd\" data-ad-rendering-role=\"story_message\">\n<div id=\":rb9:\" class=\"x1l90r2v x1iorvi4 x1ye3gou xn6708d\" data-ad-comet-preview=\"message\" data-ad-preview=\"message\">\n<div class=\"x78zum5 xdt5ytf xz62fqu x16ldp7u\">\n<div class=\"xu06os2 x1ok221b\">\n<div class=\"xdj266r x11i5rnm xat24cr x1mh8g0r x1vvkbs x126k92a\">\n<h4 dir=\"auto\">Nota de la Conferencia Episcopal Espa\u00f1ola, desde la Subcomisi\u00f3n Episcopal para las Relaciones Interconfesionales y Di\u00e1logo Interreligioso, con motivo del D\u00eda Internacional de Conmemoraci\u00f3n del Holocausto, uni\u00e9ndose al dolor del pueblo jud\u00edo: \u00abHagamos memoria de c\u00f3mo inici\u00f3 todo\u00bb. Elevamos nuestra plegaria, pidiendo al Se\u00f1or que nunca m\u00e1s se vuelvan a repetir situaciones tan vergonzosas para la dignidad humana.<\/h4>\n<p><img loading=\"lazy\" decoding=\"async\" class=\"alignnone size-medium wp-image-2590\" src=\"https:\/\/cejc-madrid.org\/wp-content\/uploads\/2025\/01\/Nota-sobre-la-Memoria-Shoah-2025-212x300.jpg\" alt=\"\" width=\"212\" height=\"300\" \/><a href=\"https:\/\/cejc-madrid.org\/wp-content\/uploads\/2025\/01\/Nota-sobre-la-Memoria-Shoah-2025.pdf\">Nota sobre la Memoria Shoah 2025<\/a><\/p>\n<div dir=\"auto\"><\/div>\n<\/div>\n<\/div>\n<\/div>\n<\/div>\n<\/div>\n<\/div>\n<\/div>\n","protected":false},"excerpt":{"rendered":"<p>Nota de la Conferencia Episcopal Espa\u00f1ola, desde la Subcomisi\u00f3n Episcopal para las Relaciones Interconfesionales y Di\u00e1logo Interreligioso, con motivo del D\u00eda Internacional de Conmemoraci\u00f3n del Holocausto, uni\u00e9ndose al dolor del pueblo jud\u00edo: \u00abHagamos memoria de c\u00f3mo inici\u00f3 todo\u00bb. Elevamos nuestra plegaria, pidiendo al Se\u00f1or que nunca m\u00e1s se vuelvan a repetir situaciones tan vergonzosas para [&hellip;]<\/p>\n","protected":false},"author":2,"featured_media":2590,"comment_status":"closed","ping_status":"closed","sticky":false,"template":"","format":"standard","meta":{"_et_pb_use_builder":"","_et_pb_old_content":"","_et_gb_content_width":"","footnotes":""},"categories":[33],"tags":[],"class_list":["post-2589","post","type-post","status-publish","format-standard","has-post-thumbnail","hentry","category-news"],"_links":{"self":[{"href":"https:\/\/cejc-madrid.org\/index.php\/wp-json\/wp\/v2\/posts\/2589","targetHints":{"allow":["GET"]}}],"collection":[{"href":"https:\/\/cejc-madrid.org\/index.php\/wp-json\/wp\/v2\/posts"}],"about":[{"href":"https:\/\/cejc-madrid.org\/index.php\/wp-json\/wp\/v2\/types\/post"}],"author":[{"embeddable":true,"href":"https:\/\/cejc-madrid.org\/index.php\/wp-json\/wp\/v2\/users\/2"}],"replies":[{"embeddable":true,"href":"https:\/\/cejc-madrid.org\/index.php\/wp-json\/wp\/v2\/comments?post=2589"}],"version-history":[{"count":1,"href":"https:\/\/cejc-madrid.org\/index.php\/wp-json\/wp\/v2\/posts\/2589\/revisions"}],"predecessor-version":[{"id":2592,"href":"https:\/\/cejc-madrid.org\/index.php\/wp-json\/wp\/v2\/posts\/2589\/revisions\/2592"}],"wp:featuredmedia":[{"embeddable":true,"href":"https:\/\/cejc-madrid.org\/index.php\/wp-json\/wp\/v2\/media\/2590"}],"wp:attachment":[{"href":"https:\/\/cejc-madrid.org\/index.php\/wp-json\/wp\/v2\/media?parent=2589"}],"wp:term":[{"taxonomy":"category","embeddable":true,"href":"https:\/\/cejc-madrid.org\/index.php\/wp-json\/wp\/v2\/categories?post=2589"},{"taxonomy":"post_tag","embeddable":true,"href":"https:\/\/cejc-madrid.org\/index.php\/wp-json\/wp\/v2\/tags?post=2589"}],"curies":[{"name":"wp","href":"https:\/\/api.w.org\/{rel}","templated":true}]}}