{"id":2596,"date":"2025-02-25T12:09:45","date_gmt":"2025-02-25T12:09:45","guid":{"rendered":"https:\/\/cejc-madrid.org\/?p=2596"},"modified":"2025-02-25T12:18:28","modified_gmt":"2025-02-25T12:18:28","slug":"oracion-por-el-papa-en-la-catedral-de-la-almudena","status":"publish","type":"post","link":"https:\/\/cejc-madrid.org\/index.php\/2025\/02\/25\/oracion-por-el-papa-en-la-catedral-de-la-almudena\/","title":{"rendered":"Oraci\u00f3n por el Papa en la catedral de la Almudena"},"content":{"rendered":"<div class=\"itemHeader2\">\n<h2 class=\"itemTitle\">La Iglesia en Madrid convoca este jueves a una oraci\u00f3n por el Papa Francisco en la catedral de la Almudena<\/h2>\n<\/div>\n<div class=\"itemBody\">\n<div class=\"itemFullText\">\n<p>La\u00a0<a href=\"https:\/\/www.archimadrid.org\/\">Archidi\u00f3cesis de Madrid<\/a>\u00a0invita\u00a0<strong>a todos los fieles, parroquias, vida consagrada, movimientos y asociaciones de la Iglesia en Madrid<\/strong>, a unirse en\u00a0<strong>una oraci\u00f3n por el restablecimiento de la salud del Papa Francisco este jueves, 27 de febrero, a las 19:30 horas en la catedral de la Almudena, presidida por el cardenal Jos\u00e9 Cobo, arzobispo de Madrid<\/strong>.<\/p>\n<p>En este momento de fragilidad, en el que el Santo Padre se encuentra ingresado en el hospital, la Iglesia madrile\u00f1a quiere mostrarle su\u00a0<strong>cercan\u00eda y apoyo<\/strong>, para que se sienta acompa\u00f1ado por la oraci\u00f3n sincera del Pueblo de Dios.<\/p>\n<h4><strong>Un gesto muy especial<\/strong><\/h4>\n<p>La oraci\u00f3n estar\u00e1 preparada por la delegaci\u00f3n de J\u00f3venes de Madrid y contar\u00e1 con un gesto especial: la entrega de los dibujos que los ni\u00f1os de la archidi\u00f3cesis han realizado como muestra de su cari\u00f1o y afecto hacia el Papa.<\/p>\n<p>Esta iniciativa ha sido impulsada por varias delegaciones de la di\u00f3cesis, recog\u00eda el mensaje que tantas veces ha recordado Francisco: \u201cNo dejen de rezar por mi\u201d.\u00a0<strong>Desde que se lanz\u00f3 la propuesta, se han recibido cientos de dibujos de ni\u00f1os de colegios, grupos de catequesis y parroquias de toda la di\u00f3cesis<\/strong>. Y es que, como parte de esta iniciativa, se ha animado a los peque\u00f1os a rezar por el Papa mientras realizaban sus dibujos, convirti\u00e9ndolos as\u00ed en un signo de oraci\u00f3n y amor. La fecha l\u00edmite para enviar los dibujos de los m\u00e1s peque\u00f1os concluye este martes, 25 de febrero.<\/p>\n<p>Los ni\u00f1os que asistan a la catedral entregar\u00e1n una selecci\u00f3n de estos dibujos al arzobispo de Madrid, que presidir\u00e1 la oraci\u00f3n por el Papa. Adem\u00e1s,\u00a0<strong>todos los que se hayan recibido, se recopilar\u00e1n en un libro que se llevar\u00e1 a Roma como testimonio del afecto de los m\u00e1s peque\u00f1os de la Iglesia en Madrid.\u00a0<\/strong><\/p>\n<h4><strong>Unidad de la Iglesia y oraci\u00f3n en torno a la Sede<\/strong><\/h4>\n<p><strong>Ya en la Eucarist\u00eda que el cardenal Jos\u00e9 Cobo presidi\u00f3 el pasado domingo, 23 de febrero, se pidi\u00f3 especialmente a los files que rezaran para \u00abque el Se\u00f1or sostenga y acompa\u00f1e en su misi\u00f3n al Papa Francisco, y para que, en este tiempo de fragilidad, fortalezca a su Iglesia en la unidad y en la oraci\u00f3n en torno a la sede de Pedro\u00bb.<\/strong><\/p>\n<p>Antes de comenzar la celebraci\u00f3n, el arzobispo quiso incidir en \u00ab<strong>la unidad de la Iglesia y la oraci\u00f3n en torno a la Sede<\/strong>\u00bb recordando la sede petrina y pidiendo a los fieles presentes \u00ab<strong>rezar por el Papa Francisco, como tantas veces nos ha recordado \u00e9l<\/strong>\u00bb.<\/p>\n<p>Desde el ingreso en el hospital del Santo Padre, la Iglesia en Madrid se uni\u00f3 en oraci\u00f3n por su salud. De hecho, acogiendo la iniciativa de la Conferencia Episcopal,\u00a0<strong>la archidi\u00f3cesis invit\u00f3 a pedir expresamente por el Papa en todas las celebraciones mientras contin\u00fae su delicado estado de salud<\/strong>.<\/p>\n<\/div>\n<\/div>\n","protected":false},"excerpt":{"rendered":"<p>La Iglesia en Madrid convoca este jueves a una oraci\u00f3n por el Papa Francisco en la catedral de la Almudena La\u00a0Archidi\u00f3cesis de Madrid\u00a0invita\u00a0a todos los fieles, parroquias, vida consagrada, movimientos y asociaciones de la Iglesia en Madrid, a unirse en\u00a0una oraci\u00f3n por el restablecimiento de la salud del Papa Francisco este jueves, 27 de febrero, [&hellip;]<\/p>\n","protected":false},"author":2,"featured_media":2598,"comment_status":"closed","ping_status":"closed","sticky":false,"template":"","format":"standard","meta":{"_et_pb_use_builder":"","_et_pb_old_content":"","_et_gb_content_width":"","footnotes":""},"categories":[33],"tags":[],"class_list":["post-2596","post","type-post","status-publish","format-standard","has-post-thumbnail","hentry","category-news"],"_links":{"self":[{"href":"https:\/\/cejc-madrid.org\/index.php\/wp-json\/wp\/v2\/posts\/2596","targetHints":{"allow":["GET"]}}],"collection":[{"href":"https:\/\/cejc-madrid.org\/index.php\/wp-json\/wp\/v2\/posts"}],"about":[{"href":"https:\/\/cejc-madrid.org\/index.php\/wp-json\/wp\/v2\/types\/post"}],"author":[{"embeddable":true,"href":"https:\/\/cejc-madrid.org\/index.php\/wp-json\/wp\/v2\/users\/2"}],"replies":[{"embeddable":true,"href":"https:\/\/cejc-madrid.org\/index.php\/wp-json\/wp\/v2\/comments?post=2596"}],"version-history":[{"count":5,"href":"https:\/\/cejc-madrid.org\/index.php\/wp-json\/wp\/v2\/posts\/2596\/revisions"}],"predecessor-version":[{"id":2604,"href":"https:\/\/cejc-madrid.org\/index.php\/wp-json\/wp\/v2\/posts\/2596\/revisions\/2604"}],"wp:featuredmedia":[{"embeddable":true,"href":"https:\/\/cejc-madrid.org\/index.php\/wp-json\/wp\/v2\/media\/2598"}],"wp:attachment":[{"href":"https:\/\/cejc-madrid.org\/index.php\/wp-json\/wp\/v2\/media?parent=2596"}],"wp:term":[{"taxonomy":"category","embeddable":true,"href":"https:\/\/cejc-madrid.org\/index.php\/wp-json\/wp\/v2\/categories?post=2596"},{"taxonomy":"post_tag","embeddable":true,"href":"https:\/\/cejc-madrid.org\/index.php\/wp-json\/wp\/v2\/tags?post=2596"}],"curies":[{"name":"wp","href":"https:\/\/api.w.org\/{rel}","templated":true}]}}