{"id":26,"date":"2011-11-04T10:57:08","date_gmt":"2011-11-04T10:57:08","guid":{"rendered":"https:\/\/upbeat-goodall.82-223-35-84.plesk.page\/index.php\/2011\/11\/04\/el-olivo-no-18\/"},"modified":"2011-11-04T10:57:08","modified_gmt":"2011-11-04T10:57:08","slug":"el-olivo-no-18","status":"publish","type":"post","link":"https:\/\/cejc-madrid.org\/index.php\/2011\/11\/04\/el-olivo-no-18\/","title":{"rendered":"El Olivo n\u00ba 18"},"content":{"rendered":"<p align=\"center\"><b>EL OLIVO    n\u00ba 18<\/b><\/p>\n<p align=\"center\">\u00a0<\/p>\n<p align=\"center\">Julio &#8211; Diciembre 1983<\/p>\n<p align=\"center\">\u00a0<\/p>\n<p align=\"center\"><span style=\"text-decoration: underline;\">\u00cdndice<\/span><\/p>\n<p align=\"center\">\u00a0<\/p>\n<p align=\"center\"><span style=\"text-decoration: underline;\"><br \/><\/span><\/p>\n<p align=\"left\"><strong>Una lectura del  profeta Oseas<\/strong> -Luis Vegas Montaner<\/p>\n<p align=\"left\"><strong>\u00bfFue Jes\u00fas de  Nazaret considerado profeta de sus coet\u00e1neos<\/strong>? -Josep Ribera<\/p>\n<p align=\"left\"><strong>Pablo y los  jud\u00edos &#8211;<\/strong> David Flusser<\/p>\n<p align=\"left\"><strong>Los 613  preceptos de la Ley de Mois\u00e9s (Manuscrito in\u00e9dito de Alonso de  Zamora)<\/strong> &#8211;&nbsp; Luis D\u00edez Merin<\/p>\n<p align=\"left\"><strong>Las vidrieras de  Chagal en Jerusal\u00e9n<\/strong> &#8211; Sor Esperanza Mary<\/p>\n<p align=\"left\"><strong>Adolfo Reinach o  la plenitud de la fenomenolog\u00eda<\/strong> &#8211; Miguel Garc\u00eda-Bar\u00f3<\/p>\n<p align=\"left\"><strong>Declaraci\u00f3n de  las Naciones Unidas sobre la tolerancia religiosa<\/strong> -Nat\u00e1n Lerner<\/p>\n<p align=\"left\">\u00a0<\/p>\n<p align=\"left\">Documentaci\u00f3n<\/p>\n<p align=\"left\">Hacia la unidad de los cristianos. Directivas para una  pastoral ecum\u00e9nica en la di\u00f3cesis de Roma<\/p>\n","protected":false},"excerpt":{"rendered":"<p>EL OLIVO n\u00ba 18 \u00a0 Julio &#8211; Diciembre 1983 \u00a0 \u00cdndice \u00a0 Una lectura del profeta Oseas -Luis Vegas Montaner \u00bfFue Jes\u00fas de Nazaret considerado profeta de sus coet\u00e1neos? -Josep Ribera Pablo y los jud\u00edos &#8211; David Flusser Los 613 preceptos de la Ley de Mois\u00e9s (Manuscrito in\u00e9dito de Alonso de Zamora) &#8211;&nbsp; Luis D\u00edez [&hellip;]<\/p>\n","protected":false},"author":1,"featured_media":0,"comment_status":"open","ping_status":"open","sticky":false,"template":"","format":"standard","meta":{"_et_pb_use_builder":"","_et_pb_old_content":"","_et_gb_content_width":"","footnotes":""},"categories":[25],"tags":[],"class_list":["post-26","post","type-post","status-publish","format-standard","hentry","category-revista-qel-olivoq"],"_links":{"self":[{"href":"https:\/\/cejc-madrid.org\/index.php\/wp-json\/wp\/v2\/posts\/26","targetHints":{"allow":["GET"]}}],"collection":[{"href":"https:\/\/cejc-madrid.org\/index.php\/wp-json\/wp\/v2\/posts"}],"about":[{"href":"https:\/\/cejc-madrid.org\/index.php\/wp-json\/wp\/v2\/types\/post"}],"author":[{"embeddable":true,"href":"https:\/\/cejc-madrid.org\/index.php\/wp-json\/wp\/v2\/users\/1"}],"replies":[{"embeddable":true,"href":"https:\/\/cejc-madrid.org\/index.php\/wp-json\/wp\/v2\/comments?post=26"}],"version-history":[{"count":0,"href":"https:\/\/cejc-madrid.org\/index.php\/wp-json\/wp\/v2\/posts\/26\/revisions"}],"wp:attachment":[{"href":"https:\/\/cejc-madrid.org\/index.php\/wp-json\/wp\/v2\/media?parent=26"}],"wp:term":[{"taxonomy":"category","embeddable":true,"href":"https:\/\/cejc-madrid.org\/index.php\/wp-json\/wp\/v2\/categories?post=26"},{"taxonomy":"post_tag","embeddable":true,"href":"https:\/\/cejc-madrid.org\/index.php\/wp-json\/wp\/v2\/tags?post=26"}],"curies":[{"name":"wp","href":"https:\/\/api.w.org\/{rel}","templated":true}]}}