{"id":2607,"date":"2025-02-27T09:57:12","date_gmt":"2025-02-27T09:57:12","guid":{"rendered":"https:\/\/cejc-madrid.org\/?p=2607"},"modified":"2025-02-27T09:57:12","modified_gmt":"2025-02-27T09:57:12","slug":"solidaridad-del-cejc-con-los-rehenes-y-las-victimas-del-7-de-octubre","status":"publish","type":"post","link":"https:\/\/cejc-madrid.org\/index.php\/2025\/02\/27\/solidaridad-del-cejc-con-los-rehenes-y-las-victimas-del-7-de-octubre\/","title":{"rendered":"Solidaridad del CEJC con los rehenes y las v\u00edctimas del 7 de Octubre"},"content":{"rendered":"<p>Durante los atentados del 7 de octubre perpetrados por el grupo terrorista yihadista Ham\u00e1s, fueron secuestrados, entre muchos otros, Yard\u00e9n Bibas, su mujer Shiri Silberman y sus dos hijos, Ariel de 4 a\u00f1os y Kfir, quien todav\u00eda no hab\u00eda cumplido los nueve meses. Yarden Bibas fue liberado el pasado 1 de febrero, tras casi 500 d\u00edas, sin saber d\u00f3nde estaba su familia ni que sus suegros hab\u00edan sido asesinados en el ataque del 7 de octubre. El 20 y 21 de febrero, Hamas entreg\u00f3 los cad\u00e1veres de su esposa y sus hijos, junto al de Oded Lifshitz, de 84 a\u00f1os, periodista y activista por la paz y uno de los fundadores del kibutz Nir Oz, donde viv\u00edan todos ellos.\u00a0Lifshitz trabaj\u00f3 como voluntario en la organizaci\u00f3n Road to Recovery, que transporta a ni\u00f1os palestinos enfermos a hospitales en Israel.<\/p>\n<p>La familia Bibas ten\u00eda ra\u00edces argentinas y peruanas. El padre de Shiri, Jos\u00e9 Luis Silverman, era argentino. Silverman hab\u00eda sido\u00a0una de las primeras personas en asentarse en el kibutz de Nir Oz, hace alrededor de 40 a\u00f1os, donde conoci\u00f3 a Margit Shnaider, de origen peruano. Juntos tuvieron\u00a0dos hijas: Shiri y Dana. La primera de ellas conoci\u00f3 a Yarden, quien trabajaba como soldador y formaron una familia, en la que\u00a0nacieron\u00a0Ariel y Kfir.<\/p>\n<p>Desde su secuestro el 7 de octubre de 2023, Shiri Bibas y sus dos hijos se convirtieron en s\u00edmbolo de la terrible experiencia de los secuestrados de Israel. Organizaciones de Derechos Humanos, gobiernos e instituciones tanto israel\u00edes como internacionales\u00a0manifestaron su conmoci\u00f3n y pidieron que fueran liberados.<\/p>\n<p>El Centro de Estudios Judeo-Cristianos manifiesta su profundo dolor por el vil asesinato de la familia Bibas y de Oded Lifshitz, as\u00ed como su repulsa a la macabra y cruel utilizaci\u00f3n de sus restos en un aquelarre perverso, que siembra la semilla del odio en futuras generaciones. \u00a1Siempre con el pueblo de Israel!<\/p>\n<p>Rezamos por el pronto regreso de todos los secuestrados.<\/p>\n<p>&nbsp;<\/p>\n","protected":false},"excerpt":{"rendered":"<p>Durante los atentados del 7 de octubre perpetrados por el grupo terrorista yihadista Ham\u00e1s, fueron secuestrados, entre muchos otros, Yard\u00e9n Bibas, su mujer Shiri Silberman y sus dos hijos, Ariel de 4 a\u00f1os y Kfir, quien todav\u00eda no hab\u00eda cumplido los nueve meses. Yarden Bibas fue liberado el pasado 1 de febrero, tras casi 500 [&hellip;]<\/p>\n","protected":false},"author":2,"featured_media":2608,"comment_status":"closed","ping_status":"closed","sticky":false,"template":"","format":"standard","meta":{"_et_pb_use_builder":"","_et_pb_old_content":"","_et_gb_content_width":"","footnotes":""},"categories":[33],"tags":[],"class_list":["post-2607","post","type-post","status-publish","format-standard","has-post-thumbnail","hentry","category-news"],"_links":{"self":[{"href":"https:\/\/cejc-madrid.org\/index.php\/wp-json\/wp\/v2\/posts\/2607","targetHints":{"allow":["GET"]}}],"collection":[{"href":"https:\/\/cejc-madrid.org\/index.php\/wp-json\/wp\/v2\/posts"}],"about":[{"href":"https:\/\/cejc-madrid.org\/index.php\/wp-json\/wp\/v2\/types\/post"}],"author":[{"embeddable":true,"href":"https:\/\/cejc-madrid.org\/index.php\/wp-json\/wp\/v2\/users\/2"}],"replies":[{"embeddable":true,"href":"https:\/\/cejc-madrid.org\/index.php\/wp-json\/wp\/v2\/comments?post=2607"}],"version-history":[{"count":1,"href":"https:\/\/cejc-madrid.org\/index.php\/wp-json\/wp\/v2\/posts\/2607\/revisions"}],"predecessor-version":[{"id":2609,"href":"https:\/\/cejc-madrid.org\/index.php\/wp-json\/wp\/v2\/posts\/2607\/revisions\/2609"}],"wp:featuredmedia":[{"embeddable":true,"href":"https:\/\/cejc-madrid.org\/index.php\/wp-json\/wp\/v2\/media\/2608"}],"wp:attachment":[{"href":"https:\/\/cejc-madrid.org\/index.php\/wp-json\/wp\/v2\/media?parent=2607"}],"wp:term":[{"taxonomy":"category","embeddable":true,"href":"https:\/\/cejc-madrid.org\/index.php\/wp-json\/wp\/v2\/categories?post=2607"},{"taxonomy":"post_tag","embeddable":true,"href":"https:\/\/cejc-madrid.org\/index.php\/wp-json\/wp\/v2\/tags?post=2607"}],"curies":[{"name":"wp","href":"https:\/\/api.w.org\/{rel}","templated":true}]}}