{"id":261,"date":"2014-09-02T10:14:55","date_gmt":"2014-09-02T10:14:55","guid":{"rendered":"https:\/\/upbeat-goodall.82-223-35-84.plesk.page\/index.php\/2014\/09\/02\/conferencias-curso-2014-2015\/"},"modified":"2024-11-26T12:08:03","modified_gmt":"2024-11-26T12:08:03","slug":"conferencias-curso-2014-2015","status":"publish","type":"post","link":"https:\/\/cejc-madrid.org\/index.php\/2014\/09\/02\/conferencias-curso-2014-2015\/","title":{"rendered":"Ciclo de Conferencias Curso 2014\/2015"},"content":{"rendered":"<p style=\"text-align: center;\"><span style=\"font-size: 18pt;\"><span style=\"color: #333399;\">\u00abS\u00e1bete que no eres t\u00fa quien sostiene la raiz, <\/span><\/span><\/p>\n<p style=\"text-align: center;\"><span style=\"font-size: 14pt;\"><span style=\"color: #333399;\"><span style=\"font-size: 18pt;\">sino la ra\u00edz quien te sostiene\u00bb<\/span> <em><span style=\"font-size: 10pt;\">(Rm 11,18)<\/span><\/em><br \/>\n<\/span><\/span><\/p>\n<p style=\"text-align: center;\">\n<p><a href=\"https:\/\/cejc-madrid.org\/wp-content\/uploads\/2014\/09\/PROGRAMA_curso2014-2015.pdf\">Descargar programa<\/a><\/p>\n<p>&nbsp;<\/p>\n<p style=\"text-align: justify;\"><strong>Apertura de Curso<\/strong>:<\/p>\n<p style=\"text-align: justify;\"><span style=\"font-size: 10pt;\"><strong>MI\u00c9RCOLES 5<\/strong> noviembre, a las 7,30 de la tarde<br \/>\n<\/span><\/p>\n<p style=\"text-align: justify;\">\n<p style=\"text-align: justify;\"><span style=\"font-size: 10pt;\"><strong><span style=\"font-size: 14pt; font-family: times new roman,times;\">Los jud\u00edos para San Pablo<\/span><\/strong><\/span><\/p>\n<p style=\"text-align: justify;\"><span style=\"font-size: 14pt;\"><strong><span style=\"font-family: times new roman,times;\"><span style=\"color: #0000ff;\">Dr. Elio Passeto, <\/span><\/span><\/strong><span style=\"font-family: times new roman,times;\"><span style=\"color: #0000ff;\">nds, Director Instituto Ratisbonne de Jerusal\u00e9n<\/span><\/span><strong><span style=\"font-family: times new roman,times;\"><span style=\"color: #0000ff;\"><br \/>\n<\/span><\/span><\/strong><\/span><\/p>\n<p style=\"text-align: justify;\">\n<p><span style=\"font-family: times new roman,times; font-size: 12pt;\"><span style=\"color: #800000;\">Lugar: ser\u00e1 anunciado oportunamente<\/span><\/span><\/p>\n<p style=\"text-align: justify;\">\n<p style=\"text-align: justify;\"><span style=\"text-decoration: underline;\"><span style=\"font-family: times new roman,times; font-size: 10pt;\">NOVIEMBRE<\/span><\/span><\/p>\n<p style=\"text-align: justify;\"><span style=\"font-size: 10pt;\">Mi\u00e9rcoles 12: <\/span><\/p>\n<p style=\"text-align: justify;\"><strong><span style=\"font-size: 14pt; font-family: times new roman,times;\">La Alianza nunca derogada<\/span><\/strong><\/p>\n<p style=\"text-align: justify;\"><span style=\"color: #0000ff; font-family: times new roman,times; font-size: 14pt;\"><em>Dr. Jos\u00e9 Ram\u00f3n Busto &#8211; <\/em><span style=\"font-size: 12pt;\"><em><span style=\"font-size: 14pt;\">Universidad Comillas<\/span><\/em><br \/>\n<\/span><\/span><\/p>\n<p style=\"text-align: justify;\"><span style=\"font-size: 14pt;\"><span style=\"color: #3366ff;\"><span style=\"font-size: 10pt;\"><span style=\"color: #000000;\">Mi\u00e9rcoles 19:<\/span><\/span><\/span><\/span><\/p>\n<p style=\"text-align: justify;\"><strong><span style=\"font-size: 14pt;\"><span style=\"color: #3366ff;\"><span style=\"font-size: 10pt;\"><span style=\"color: #000000;\"><span style=\"font-size: 14pt;\"><span style=\"font-family: times new roman,times;\">El Juda\u00edsmo en tiempo de Jes\u00fas<\/span><\/span><\/span><\/span><\/span><\/span><\/strong><\/p>\n<p style=\"text-align: justify;\"><span style=\"font-size: 14pt;\"><span style=\"color: #3366ff;\"><span style=\"font-size: 10pt;\"><span style=\"color: #000000;\"><span style=\"font-size: 14pt;\"><span style=\"font-family: times new roman,times;\"><span style=\"background-color: #0000ff; color: #0000ff;\"><em><span style=\"background-color: #ffffff;\">Dr. Luis Vegas Montaner &#8211; Universidad Complutense<br \/>\n<\/span><\/em><\/span><\/span><\/span><\/span><\/span><\/span><\/span><\/p>\n<p style=\"text-align: justify;\"><span style=\"font-size: 10pt;\"><span style=\"color: #3366ff;\"><span style=\"color: #000000;\"><span style=\"background-color: #0000ff;\"><span style=\"background-color: #ffffff;\">Mi\u00e9rcoles 26:<\/span><\/span><\/span><\/span><\/span><\/p>\n<p style=\"text-align: justify;\"><strong><span style=\"font-size: 10pt;\"><span style=\"color: #3366ff;\"><span style=\"color: #000000;\"><span style=\"background-color: #0000ff;\"><span style=\"background-color: #ffffff;\"><span style=\"font-size: 14pt;\"><span style=\"font-family: times new roman,times;\">La liturgia jud\u00eda y la liturgia cristiana<\/span><\/span><\/span><\/span><\/span><\/span><\/span><\/strong><\/p>\n<p style=\"text-align: justify;\"><em><span style=\"font-size: 10pt;\"><span style=\"color: #3366ff;\"><span style=\"color: #000000;\"><span style=\"background-color: #0000ff;\"><span style=\"background-color: #ffffff;\"><span style=\"font-size: 14pt;\"><span style=\"font-family: times new roman,times;\"><span style=\"font-size: 10pt;\"><span style=\"font-size: 14pt;\"><span style=\"font-family: times new roman,times;\"><span style=\"color: #000000;\"><span style=\"color: #0000ff;\">Dr. Manuel Gonz\u00e1lez L\u00f3pez-Corps &#8211; Universidad San D\u00e1maso<\/span><\/span><\/span><\/span><\/span><\/span><\/span><\/span><\/span><\/span><\/span><\/span><\/em><\/p>\n<p style=\"text-align: justify;\"><span style=\"font-size: 10pt;\"><span style=\"color: #3366ff;\"><span style=\"color: #000000;\"><span style=\"background-color: #0000ff;\"><span style=\"background-color: #ffffff;\"><span style=\"font-size: 14pt;\"><span style=\"font-family: times new roman,times;\"><em><span style=\"color: #0000ff;\">Rabino Yerahmiel Barylka &#8211; Sinagoga Rambam &#8211; CJM<\/span><\/em><\/span><\/span><\/span><\/span><\/span><\/span><\/span><\/p>\n<p style=\"text-align: justify;\"><span style=\"font-size: 10pt; color: #000000;\"><span style=\"background-color: #0000ff;\"><span style=\"background-color: #ffffff;\"><span style=\"font-size: 14pt;\"><span style=\"font-family: times new roman,times;\"><span style=\"font-size: 10pt;\"><span style=\"text-decoration: underline;\">DICIEMBRE<\/span><\/span><\/span><\/span><\/span><\/span><\/span><\/p>\n<p style=\"text-align: justify;\"><span style=\"font-size: 10pt;\">Mi\u00e9rcoles 3:<\/span><\/p>\n<p style=\"text-align: justify;\"><span style=\"font-size: 10pt;\"><span style=\"font-size: 14pt;\"><strong><span style=\"font-family: times new roman,times;\">El Juda\u00edsmo en las ense\u00f1anzas de los Padres de la Iglesia<\/span><\/strong><\/span><br \/>\n<\/span><\/p>\n<p style=\"text-align: justify;\"><em><span style=\"color: #0000ff;\"><span style=\"font-size: 14pt;\"><span style=\"font-family: times new roman,times;\">Dr. Pedro Langa Aguilar, OSA &#8211; Centro Teol\u00f3gico San Agust\u00edn<br \/>\n<\/span><\/span><\/span><\/em><\/p>\n<p style=\"text-align: justify;\"><span style=\"font-size: 10pt;\">Mi\u00e9rcoles 10:<\/span><\/p>\n<p style=\"text-align: justify;\"><span style=\"font-size: 10pt;\"><strong><span style=\"font-size: 14pt;\"><span style=\"font-family: times new roman,times;\">El Juda\u00edsmo del segundo Templo en su contexto hist\u00f3rico-religioso<br \/>\n<\/span><\/span><\/strong><\/span><\/p>\n<p style=\"text-align: justify;\"><span style=\"font-size: 10pt;\"><span style=\"font-size: 14pt;\"><span style=\"font-family: times new roman,times;\"><span style=\"color: #0000ff;\"><em>Dr. Pablo A. Torijano Morales &#8211; Universidad Complutense<\/em><\/span><\/span><\/span><strong><span style=\"font-size: 14pt;\"><span style=\"font-family: times new roman,times;\"><br \/>\n<\/span><\/span><\/strong><\/span><\/p>\n<p style=\"text-align: justify;\"><span style=\"font-size: 10pt;\">Mi\u00e9rcoles 17:<\/span><\/p>\n<p style=\"text-align: justify;\"><strong><span style=\"font-size: 14pt;\"><span style=\"font-family: times new roman,times;\">La vida religiosa jud\u00eda en el tiempo de Jes\u00fas<br \/>\n<\/span><\/span><\/strong><\/p>\n<p style=\"text-align: justify;\"><span style=\"color: #0000ff; font-family: times new roman,times;\"><em><span style=\"font-size: 14pt;\">D. Mario Stofenmacher &#8211; Comunidad Jud\u00eda Bet-El<br \/>\n<\/span><\/em><\/span><\/p>\n<p style=\"text-align: justify;\"><span style=\"text-decoration: underline;\"><span style=\"font-size: 10pt;\"><span style=\"font-family: times new roman,times;\">ENERO<\/span><\/span><\/span><\/p>\n<p style=\"text-align: justify;\"><span style=\"font-size: 10pt;\">Mi\u00e9rcoles 14:<\/span><\/p>\n<p style=\"text-align: justify;\"><span style=\"font-size: 10pt;\"><strong><span style=\"font-size: 14pt;\"><span style=\"font-family: times new roman,times;\">El Nuevo Testamento, un texto jud\u00edo<br \/>\n<\/span><\/span><\/strong><\/span><\/p>\n<p style=\"text-align: justify;\"><span style=\"font-size: 10pt;\"><span style=\"font-size: 14pt;\"><span style=\"font-family: times new roman,times;\"><em><span style=\"color: #0000ff;\">Dr. Luis Vegas Montaner &#8211; Universidad Complutense<\/span><\/em><\/span><\/span><strong><span style=\"font-size: 14pt;\"><span style=\"font-family: times new roman,times;\"><br \/>\n<\/span><\/span><\/strong><\/span><\/p>\n<p style=\"text-align: justify;\"><span style=\"font-size: 10pt;\">Mi\u00e9rcoles 21:<\/span><\/p>\n<p style=\"text-align: justify;\"><span style=\"font-size: 10pt;\"><strong><span style=\"font-size: 14pt;\"><span style=\"font-family: times new roman,times;\">El movimiento de Qumr\u00e1n y su visi\u00f3n mesi\u00e1nica<br \/>\n<\/span><\/span><\/strong><\/span><\/p>\n<p style=\"text-align: justify;\"><span style=\"font-size: 10pt;\"><span style=\"font-size: 14pt;\"><span style=\"font-family: times new roman,times;\"><span style=\"font-size: 10pt;\"><span style=\"font-size: 14pt;\"><span style=\"font-family: times new roman,times;\"><em><span style=\"color: #0000ff;\">Dr. Julio C\u00e9sar Trebolle &#8211; Universidad Complutense<\/span><\/em><\/span><\/span><\/span><\/span><\/span><\/span><\/p>\n<p style=\"text-align: justify;\"><span style=\"font-size: 10pt;\"><span style=\"font-size: 14pt;\"><span style=\"font-size: 10pt;\">Mi\u00e9rcoles 28:<\/span><\/span><\/span><\/p>\n<p style=\"text-align: justify;\"><span style=\"font-size: 10pt;\"><strong><span style=\"font-size: 14pt;\"><span style=\"font-family: times new roman,times;\">Los Concilios Ecum\u00e9nicos: de Nicea a Calcedonia y sus consecuencias para la relaci\u00f3n con los jud\u00edos<br \/>\n<\/span><\/span><\/strong><\/span><\/p>\n<p style=\"text-align: justify;\"><span style=\"font-size: 10pt;\"><em><span style=\"font-size: 14pt;\"><span style=\"font-family: times new roman,times;\"><span style=\"color: #0000ff;\">Dr. Patricio Navascu\u00e9s Benlloch &#8211; Universidad San D\u00e1maso<\/span><\/span><\/span><\/em><strong><span style=\"font-size: 14pt;\"><span style=\"font-family: times new roman,times;\"><br \/>\n<\/span><\/span><\/strong><\/span><\/p>\n<p>&nbsp;<\/p>\n<p style=\"text-align: justify;\"><span style=\"text-decoration: underline;\"><span style=\"font-size: 10pt;\"><span style=\"font-family: times new roman,times;\">FEBRERO<\/span><\/span><\/span><\/p>\n<p style=\"text-align: justify;\"><span style=\"font-size: 10pt;\">Mi\u00e9rcoles 4:<\/span><\/p>\n<p style=\"text-align: justify;\"><span style=\"font-size: 10pt;\"><strong><span style=\"font-size: 14pt;\"><span style=\"font-family: times new roman,times;\">La elaboraci\u00f3n de la Misn\u00e1<br \/>\n<\/span><\/span><\/strong><\/span><\/p>\n<p style=\"text-align: justify;\"><span style=\"font-size: 10pt;\"><span style=\"font-size: 14pt;\"><span style=\"font-family: times new roman,times;\"><em><span style=\"color: #0000ff;\">Dra. Ethel Barylka &#8211; Universidad Hebrea de Jerusal\u00e9n<\/span><\/em><\/span><\/span><strong><span style=\"font-size: 14pt;\"><span style=\"font-family: times new roman,times;\"><br \/>\n<\/span><\/span><\/strong><\/span><\/p>\n<p style=\"text-align: justify;\"><span style=\"font-size: 10pt;\">Mi\u00e9rcoles 11:<\/span><\/p>\n<p style=\"text-align: justify;\"><span style=\"font-size: 10pt;\"><span style=\"font-size: 14pt;\"><span style=\"font-family: times new roman,times;\"><strong>El desencuentro y el encuentro entre los sabios de Israel y los Padres de la Iglesia a partir de las Escrituras<br \/>\n<\/strong><\/span><\/span><\/span><\/p>\n<p style=\"text-align: justify;\"><span style=\"font-size: 10pt;\"><span style=\"font-size: 14pt;\"><span style=\"font-family: times new roman,times;\"><span style=\"color: #0000ff;\"><em>Dr<\/em>. <em>Elio Passeto, nds &#8211; Director Instituto Ratisbonne de Jerusal\u00e9n<br \/>\n<\/em><\/span><\/span><\/span><\/span><\/p>\n<p style=\"text-align: justify;\"><span style=\"font-size: 10pt;\">Mi\u00e9rcoles 18:<\/span><\/p>\n<p style=\"text-align: justify;\"><span style=\"font-size: 10pt;\"><span style=\"font-size: 14pt;\"><span style=\"font-family: times new roman,times;\"><strong>La salvaci\u00f3n viene de los jud\u00edos (San Juan)<br \/>\n<\/strong><\/span><\/span><\/span><\/p>\n<p style=\"text-align: justify;\"><span style=\"font-size: 10pt;\"><span style=\"font-size: 14pt;\"><span style=\"font-family: times new roman,times;\"><span style=\"color: #0000ff;\"><em>Dr. Justo Lacunza Balda &#8211; Instituto Pontificio de Estudios \u00c1rabes<\/em><\/span><strong><br \/>\n<\/strong><\/span><\/span><\/span><\/p>\n<p style=\"text-align: justify;\"><span style=\"font-size: 10pt;\">Mi\u00e9rcoles 25:<\/span><\/p>\n<p style=\"text-align: justify;\"><span style=\"font-size: 10pt;\"><span style=\"font-size: 14pt;\"><span style=\"font-family: times new roman,times;\"><strong>La relaci\u00f3n entre la Iglesia y el Juda\u00edsmo en la Edad Media<br \/>\n<\/strong><\/span><\/span><\/span><\/p>\n<p style=\"text-align: justify;\"><span style=\"font-size: 10pt;\"><span style=\"font-size: 14pt;\"><span style=\"font-family: times new roman,times;\"><em><span style=\"color: #0000ff;\">D.\u00aa Martina Granizo Aranda &#8211; CEJC<br \/>\n<\/span><\/em><\/span><\/span><\/span><\/p>\n<p style=\"text-align: justify;\"><span style=\"text-decoration: underline;\"><span style=\"font-size: 10pt;\"><span style=\"font-family: times new roman,times;\">MARZO<\/span><\/span><\/span><\/p>\n<p style=\"text-align: justify;\"><span style=\"font-size: 10pt;\">Mi\u00e9rcoles 4:<\/span><\/p>\n<p style=\"text-align: justify;\"><span style=\"font-size: 10pt;\"><strong><span style=\"font-size: 14pt;\"><span style=\"font-family: times new roman,times;\">La influencia del Juda\u00edsmo sobre la Iglesia en la Edad Media<br \/>\n<\/span><\/span><\/strong><\/span><\/p>\n<p style=\"text-align: justify;\"><span style=\"font-size: 10pt;\"><span style=\"font-size: 14pt;\"><span style=\"font-family: times new roman,times;\"><em><span style=\"color: #0000ff;\">Dra. Yolanda Moreno Koch &#8211; Universidad Complutense<\/span><\/em><\/span><\/span><strong><span style=\"font-size: 14pt;\"><span style=\"font-family: times new roman,times;\"><br \/>\n<\/span><\/span><\/strong><\/span><\/p>\n<p style=\"text-align: justify;\"><span style=\"font-size: 10pt;\">Mi\u00e9rcoles 11:<\/span><\/p>\n<p style=\"text-align: justify;\"><span style=\"font-size: 10pt;\"><strong><span style=\"font-size: 14pt;\"><span style=\"font-family: times new roman,times;\">El Juda\u00edsmo en el periodo del Iluminismo<br \/>\n<\/span><\/span><\/strong><\/span><\/p>\n<p style=\"text-align: justify;\"><span style=\"font-size: 10pt;\"><span style=\"font-size: 14pt;\"><span style=\"font-family: times new roman,times;\"><span style=\"color: #0000ff;\"><em><span style=\"font-size: 10pt;\"><span style=\"font-size: 14pt;\"><span style=\"font-family: times new roman,times;\"><span style=\"color: #0000ff;\"><em>D. Jacobo Israel Garz\u00f3n &#8211; Centro Davar<\/em><\/span><\/span><\/span><\/span><br \/>\n<\/em><\/span><\/span><\/span><\/span><\/p>\n<p style=\"text-align: justify;\"><span style=\"font-size: 10pt;\">Mi\u00e9rcoles 18:<\/span><\/p>\n<p style=\"text-align: justify;\"><strong><span style=\"font-size: 10pt;\"><span style=\"font-size: 14pt;\"><span style=\"font-family: times new roman,times;\">La <\/span><span style=\"font-family: times new roman,times;\">cultura del prejuicio sobre el Juda\u00edsmo en la catequesis y en la predicaci\u00f3n en el siglo XX<\/span><\/span><\/span><\/strong><\/p>\n<p style=\"text-align: justify;\"><span style=\"font-size: 10pt;\"><span style=\"font-size: 14pt;\"><span style=\"font-family: times new roman,times;\"><span style=\"color: #000000;\"><em><span style=\"color: #0000ff;\">Dr. F. Javier Fern\u00e1ndez Vallina &#8211; Universidad Complutense<\/span><\/em><\/span><\/span><strong><span style=\"font-family: times new roman,times;\"><span style=\"color: #000000;\"><em><br \/>\n<\/em><\/span><\/span><\/strong><\/span><\/span><\/p>\n<p style=\"text-align: justify;\"><span style=\"font-size: 10pt;\">Mi\u00e9rcoles 25:<\/span><\/p>\n<p style=\"text-align: justify;\"><span style=\"font-size: 10pt;\"><strong><strong><span style=\"font-size: 10pt;\"><span style=\"font-size: 14pt;\"><span style=\"font-family: times new roman,times;\">La <\/span><span style=\"font-family: times new roman,times;\">cuesti\u00f3n de Israel, un pensamiento cristiano del siglo XX<br \/>\n<\/span><\/span><\/span><\/strong><\/strong><\/span><\/p>\n<p style=\"text-align: justify;\"><span style=\"font-size: 10pt;\"><em><span style=\"color: #0000ff;\"><span style=\"font-size: 14pt;\"><span style=\"font-family: times new roman,times;\">Dr. Florentino P\u00e9rez &#8211; UNED<\/span><\/span><\/span><\/em><strong><br \/>\n<\/strong><\/span><\/p>\n<p style=\"text-align: justify;\"><span style=\"text-decoration: underline;\"><span style=\"font-size: 10pt;\"><span style=\"font-family: times new roman,times;\">ABRIL<\/span><\/span><\/span><\/p>\n<p style=\"text-align: justify;\"><span style=\"font-size: 10pt;\">Mi\u00e9rcoles 15:<\/span><\/p>\n<p style=\"text-align: justify;\"><span style=\"font-size: 10pt;\"><span style=\"font-size: 14pt;\"><span style=\"font-family: times new roman,times;\"><strong>La Congregaci\u00f3n de N.S. de Si\u00f3n: ser testigo en la Iglesia del amor de Dios por Israel en el mundo<br \/>\n<\/strong><\/span><\/span><\/span><\/p>\n<p style=\"text-align: justify;\"><span style=\"font-size: 10pt;\"><span style=\"font-size: 14pt;\"><span style=\"font-family: times new roman,times;\"><em><span style=\"color: #0000ff;\">Dr. Donizeti Ribeiro, nds &#8211; Superior Religios de N.S. de Si\u00f3n<\/span><\/em><strong><br \/>\n<\/strong><\/span><\/span><\/span><\/p>\n<p style=\"text-align: justify;\"><span style=\"font-size: 10pt;\">Mi\u00e9rcoles 22:<\/span><\/p>\n<p><span style=\"font-size: 10pt;\"><span style=\"font-family: times new roman,times; font-size: 14pt;\"><strong>Se pone a la escucha de Israel: manera de ser y de actuar de la Congregaci\u00f3n de N.S. de Si\u00f3n<br \/>\n<\/strong><\/span><\/span><\/p>\n<p style=\"text-align: justify;\"><em><span style=\"color: #0000ff;\"><span style=\"font-size: 14pt;\"><span style=\"font-family: times new roman,times;\"><span style=\"font-size: 10pt;\"><span style=\"font-size: 14pt;\"><span style=\"font-family: times new roman,times;\"><em><span style=\"color: #0000ff;\">Dr. Donizeti Ribeiro, nds &#8211; Superior Religios de N.S. de Si\u00f3n<\/span><\/em><\/span><\/span><\/span><br \/>\n<\/span><\/span><\/span><\/em><\/p>\n<p style=\"text-align: justify;\"><span style=\"font-size: 10pt;\">MI\u00e9rcoles 29:<\/span><\/p>\n<p style=\"text-align: justify;\"><span style=\"font-size: 10pt;\"><span style=\"font-family: times new roman,times; font-size: 14pt;\"><strong>Nuestros hermanos mayores: misterios de Dios<\/strong><\/span><\/span><\/p>\n<p style=\"text-align: justify;\"><span style=\"font-size: 10pt;\"><span style=\"font-family: times new roman,times; font-size: 14pt;\"><span style=\"color: #0000ff;\"><em>Dr. Jos\u00e9 Miguel Garc\u00eda P\u00e9rez &#8211; Universidad San D\u00e1maso<br \/>\n<\/em><\/span><\/span><\/span><\/p>\n<p style=\"text-align: justify;\"><span style=\"font-size: 10pt;\"><span style=\"font-family: times new roman,times; font-size: 14pt;\"><span style=\"color: #0000ff;\"><span style=\"text-decoration: underline;\"><span style=\"color: #000000;\"><span style=\"font-size: 10pt;\">MAYO<\/span><\/span><\/span><em><br \/>\n<\/em><\/span><\/span><\/span><\/p>\n<p style=\"text-align: justify;\"><span style=\"font-size: 10pt;\">Mi\u00e9rcoles 6:<\/span><\/p>\n<p style=\"text-align: justify;\"><span style=\"font-size: 10pt;\"><strong><span style=\"font-size: 14pt;\"><span style=\"font-family: times new roman,times;\">Tradici\u00f3n jud\u00eda para interpretar el N.T.<\/span><\/span><\/strong><\/span><\/p>\n<p style=\"text-align: justify;\"><span style=\"font-size: 10pt;\"><span style=\"font-size: 14pt;\"><span style=\"font-family: times new roman,times;\"><span style=\"color: #0000ff;\"><em>Dr. Francisco Ram\u00edrez Fueyo &#8211;\u00a0 Universidad Comillas<\/em><\/span><\/span><\/span><strong><span style=\"font-size: 14pt;\"><span style=\"font-family: times new roman,times;\"><br \/>\n<\/span><\/span><\/strong><\/span><\/p>\n<p style=\"text-align: justify;\"><span style=\"font-size: 10pt;\">Mi\u00e9rcoles 13:<\/span><\/p>\n<p style=\"text-align: justify;\"><span style=\"font-size: 10pt;\"><strong><span style=\"font-family: times new roman,times; font-size: 14pt;\"><span style=\"font-size: 10pt;\"><strong><span style=\"font-size: 14pt;\"><span style=\"font-family: times new roman,times;\">El Mes\u00edas para el Juda\u00edsmo y el Mes\u00edas para el Cristianismo hoy<\/span><\/span><\/strong><\/span><br \/>\n<\/span><\/strong><\/span><\/p>\n<p style=\"text-align: justify;\"><span style=\"font-size: 10pt;\"><span style=\"font-family: times new roman,times; font-size: 14pt;\"><span style=\"font-size: 10pt;\"><span style=\"font-size: 14pt;\"><span style=\"font-family: times new roman,times;\"><span style=\"font-size: 10pt;\"><span style=\"color: #3366ff;\"><span style=\"color: #000000;\"><span style=\"background-color: #0000ff;\"><span style=\"background-color: #ffffff;\"><span style=\"font-size: 14pt;\"><span style=\"font-family: times new roman,times;\"><em><span style=\"color: #0000ff;\">Rabino Yerahmiel Barylka &#8211; Sinagoga Rambam &#8211; CJM<\/span><\/em><\/span><\/span><\/span><\/span><\/span><\/span><\/span><\/span><\/span><\/span><\/span><\/span><\/p>\n<p style=\"text-align: justify;\"><span style=\"font-size: 10pt;\"><span style=\"font-family: times new roman,times; font-size: 14pt;\"><span style=\"color: #0000ff;\"><em><span style=\"font-size: 10pt;\"><span style=\"font-family: times new roman,times; font-size: 14pt;\"><span style=\"color: #0000ff;\"><em>Dr. Jos\u00e9 Miguel Garc\u00eda P\u00e9rez &#8211; Universidad San D\u00e1maso<\/em><\/span><\/span><\/span><\/em><\/span><\/span><\/span><\/p>\n<p style=\"text-align: justify;\"><span style=\"font-size: 10pt;\">Mi\u00e9rcoles 20:<\/span><\/p>\n<p style=\"text-align: justify;\"><span style=\"font-size: 10pt;\"><strong><span style=\"font-size: 14pt;\"><span style=\"font-family: times new roman,times;\">Por una teolog\u00eda con el Juda\u00edsmo<\/span><\/span><\/strong><\/span><\/p>\n<p style=\"text-align: justify;\"><span style=\"font-size: 10pt;\"><span style=\"font-size: 14pt;\"><span style=\"font-family: times new roman,times;\"><span style=\"color: #0000ff;\"><em>Dr. \u00c1ngel Cordovilla P\u00e9rez &#8211; Universidad Comillas<br \/>\n<\/em><\/span><\/span><\/span><\/span><\/p>\n<p style=\"text-align: justify;\"><strong>Clausura de Curso<\/strong>:<\/p>\n<p style=\"text-align: justify;\"><span style=\"font-size: 10pt;\">MI\u00c9RCOLES 27 de Mayo, a las 7,30 de la tarde<br \/>\n<\/span><\/p>\n<p style=\"text-align: justify;\"><span style=\"font-size: 10pt;\"><span style=\"font-size: 10pt;\"><strong><span style=\"font-size: 14pt;\"><span style=\"font-family: times new roman,times;\">Los jud\u00edos y los cristianos en sus diferencias forman el pueblo de Dios<br \/>\n<\/span><\/span><\/strong><\/span><\/span><\/p>\n<p style=\"text-align: justify;\"><span style=\"color: #0000ff;\"><em><span style=\"font-size: 14pt;\"><span style=\"font-family: times new roman,times;\">Rav Mosh\u00e9 Bendahan &#8211; Presidente del Consejo Rab\u00ednico de Espa\u00f1a<\/span><\/span><\/em><\/span><\/p>\n<p style=\"text-align: justify;\"><span style=\"font-size: 14pt;\"><span style=\"font-family: times new roman,times;\"><span style=\"color: #0000ff;\"><em>Cardenal Carlos Amigo Vallejo, ofm, Arzobispo de Sevilla<\/em><\/span><\/span><\/span><\/p>\n<p style=\"text-align: justify;\">\n","protected":false},"excerpt":{"rendered":"<p>\u00abS\u00e1bete que no eres t\u00fa quien sostiene la raiz, sino la ra\u00edz quien te sostiene\u00bb (Rm 11,18) Descargar programa &nbsp; Apertura de Curso: MI\u00c9RCOLES 5 noviembre, a las 7,30 de la tarde Los jud\u00edos para San Pablo Dr. Elio Passeto, nds, Director Instituto Ratisbonne de Jerusal\u00e9n Lugar: ser\u00e1 anunciado oportunamente NOVIEMBRE Mi\u00e9rcoles 12: La Alianza [&hellip;]<\/p>\n","protected":false},"author":1,"featured_media":2510,"comment_status":"open","ping_status":"open","sticky":false,"template":"","format":"standard","meta":{"_et_pb_use_builder":"","_et_pb_old_content":"","_et_gb_content_width":"","footnotes":""},"categories":[239],"tags":[],"class_list":["post-261","post","type-post","status-publish","format-standard","has-post-thumbnail","hentry","category-conferencias"],"_links":{"self":[{"href":"https:\/\/cejc-madrid.org\/index.php\/wp-json\/wp\/v2\/posts\/261","targetHints":{"allow":["GET"]}}],"collection":[{"href":"https:\/\/cejc-madrid.org\/index.php\/wp-json\/wp\/v2\/posts"}],"about":[{"href":"https:\/\/cejc-madrid.org\/index.php\/wp-json\/wp\/v2\/types\/post"}],"author":[{"embeddable":true,"href":"https:\/\/cejc-madrid.org\/index.php\/wp-json\/wp\/v2\/users\/1"}],"replies":[{"embeddable":true,"href":"https:\/\/cejc-madrid.org\/index.php\/wp-json\/wp\/v2\/comments?post=261"}],"version-history":[{"count":3,"href":"https:\/\/cejc-madrid.org\/index.php\/wp-json\/wp\/v2\/posts\/261\/revisions"}],"predecessor-version":[{"id":2511,"href":"https:\/\/cejc-madrid.org\/index.php\/wp-json\/wp\/v2\/posts\/261\/revisions\/2511"}],"wp:featuredmedia":[{"embeddable":true,"href":"https:\/\/cejc-madrid.org\/index.php\/wp-json\/wp\/v2\/media\/2510"}],"wp:attachment":[{"href":"https:\/\/cejc-madrid.org\/index.php\/wp-json\/wp\/v2\/media?parent=261"}],"wp:term":[{"taxonomy":"category","embeddable":true,"href":"https:\/\/cejc-madrid.org\/index.php\/wp-json\/wp\/v2\/categories?post=261"},{"taxonomy":"post_tag","embeddable":true,"href":"https:\/\/cejc-madrid.org\/index.php\/wp-json\/wp\/v2\/tags?post=261"}],"curies":[{"name":"wp","href":"https:\/\/api.w.org\/{rel}","templated":true}]}}