{"id":2628,"date":"2025-04-01T09:30:04","date_gmt":"2025-04-01T09:30:04","guid":{"rendered":"https:\/\/cejc-madrid.org\/?p=2628"},"modified":"2025-04-01T09:30:04","modified_gmt":"2025-04-01T09:30:04","slug":"circular-no-233-enero-marzo-2025","status":"publish","type":"post","link":"https:\/\/cejc-madrid.org\/index.php\/2025\/04\/01\/circular-no-233-enero-marzo-2025\/","title":{"rendered":"Circular n\u00ba 233 Enero-Marzo 2025"},"content":{"rendered":"<p>La Circular de este trimestre se acerca a los siguientes temas:<\/p>\n<ul>\n<li>El CEJC, presente en los actos institucionales de conmemoraci\u00f3n de las v\u00edctimas del Holocausto<\/li>\n<li>La tragedia de la familia Bibas<\/li>\n<li>Rehenes asesinados por Ham\u00e1s<\/li>\n<li>Rehenes liberados hablan de las privaciones en Gaza<\/li>\n<li>El Papa en la conmemoraci\u00f3n de la Sho\u00e1: \u201cQue no se olvide el horror, que no arraigue m\u00e1s el antisemitismo\u201d<\/li>\n<li>Ataque a una pizzer\u00eda kosher en el centro de Madrid<\/li>\n<li>Cristianos perseguidos. No se puede salir de Burkina Faso por el norte: es camino yihadista. Nueva masacre contra los cristianos de Nigeria durante la Navidad. R\u00e9gimen filo ruso condena a 11 a\u00f1os de c\u00e1rcel a un sacerdote cat\u00f3lico. 70 cristianos masacrados en la Rep\u00fablica Democr\u00e1tica del Congo. Crece el n\u00famero de sacerdotes cat\u00f3licos secuestrados y asesinados en el mundo<\/li>\n<li>Nueva tecnolog\u00eda israel\u00ed permite que dos f\u00e1rmacos ataquen tumores al mismo tiempo<\/li>\n<li>Encuentran una l\u00e1mpara de aceite de 1.700 a\u00f1os en Jerusal\u00e9n<\/li>\n<li>El cardenal Koch en Valencia<\/li>\n<li>Muere el \u00faltimo superviviente de la Lista de Schindler<\/li>\n<li>J\u00f3venes israel\u00edes, palestinos y estadounidenses presentan al Papa un proyecto de di\u00e1logo por la paz<\/li>\n<li>Revolucionario: una nueva vacuna israel\u00ed contra el COVID, m\u00e1s barata y sin necesidad de refrigeraci\u00f3n<\/li>\n<li>Descubren una estructura ritual \u00fanica de la \u00e9poca del Primer Templo en la Ciudad de David<\/li>\n<li>Ataques antisemitas en Australia<\/li>\n<li>Supervivientes y pol\u00edticos honran a las v\u00edctimas del Holocausto<\/li>\n<\/ul>\n","protected":false},"excerpt":{"rendered":"<p>La Circular de este trimestre se acerca a los siguientes temas: El CEJC, presente en los actos institucionales de conmemoraci\u00f3n de las v\u00edctimas del Holocausto La tragedia de la familia Bibas Rehenes asesinados por Ham\u00e1s Rehenes liberados hablan de las privaciones en Gaza El Papa en la conmemoraci\u00f3n de la Sho\u00e1: \u201cQue no se olvide [&hellip;]<\/p>\n","protected":false},"author":2,"featured_media":2629,"comment_status":"closed","ping_status":"closed","sticky":false,"template":"","format":"standard","meta":{"_et_pb_use_builder":"","_et_pb_old_content":"","_et_gb_content_width":"","footnotes":""},"categories":[4],"tags":[],"class_list":["post-2628","post","type-post","status-publish","format-standard","has-post-thumbnail","hentry","category-circular"],"_links":{"self":[{"href":"https:\/\/cejc-madrid.org\/index.php\/wp-json\/wp\/v2\/posts\/2628","targetHints":{"allow":["GET"]}}],"collection":[{"href":"https:\/\/cejc-madrid.org\/index.php\/wp-json\/wp\/v2\/posts"}],"about":[{"href":"https:\/\/cejc-madrid.org\/index.php\/wp-json\/wp\/v2\/types\/post"}],"author":[{"embeddable":true,"href":"https:\/\/cejc-madrid.org\/index.php\/wp-json\/wp\/v2\/users\/2"}],"replies":[{"embeddable":true,"href":"https:\/\/cejc-madrid.org\/index.php\/wp-json\/wp\/v2\/comments?post=2628"}],"version-history":[{"count":1,"href":"https:\/\/cejc-madrid.org\/index.php\/wp-json\/wp\/v2\/posts\/2628\/revisions"}],"predecessor-version":[{"id":2630,"href":"https:\/\/cejc-madrid.org\/index.php\/wp-json\/wp\/v2\/posts\/2628\/revisions\/2630"}],"wp:featuredmedia":[{"embeddable":true,"href":"https:\/\/cejc-madrid.org\/index.php\/wp-json\/wp\/v2\/media\/2629"}],"wp:attachment":[{"href":"https:\/\/cejc-madrid.org\/index.php\/wp-json\/wp\/v2\/media?parent=2628"}],"wp:term":[{"taxonomy":"category","embeddable":true,"href":"https:\/\/cejc-madrid.org\/index.php\/wp-json\/wp\/v2\/categories?post=2628"},{"taxonomy":"post_tag","embeddable":true,"href":"https:\/\/cejc-madrid.org\/index.php\/wp-json\/wp\/v2\/tags?post=2628"}],"curies":[{"name":"wp","href":"https:\/\/api.w.org\/{rel}","templated":true}]}}