{"id":2635,"date":"2025-04-21T09:24:04","date_gmt":"2025-04-21T09:24:04","guid":{"rendered":"https:\/\/cejc-madrid.org\/?p=2635"},"modified":"2025-04-23T11:07:38","modified_gmt":"2025-04-23T11:07:38","slug":"comunicado-fcje","status":"publish","type":"post","link":"https:\/\/cejc-madrid.org\/index.php\/2025\/04\/21\/comunicado-fcje\/","title":{"rendered":"Comunicado de la FCJE por el fallecimiento del Papa Francisco"},"content":{"rendered":"<blockquote class=\"wp-embedded-content\" data-secret=\"0zmdhiZ1us\"><p><a href=\"https:\/\/www.fcje.org\/la-federacion-de-comunidades-judias-de-espana-consternada-por-el-fallecimiento-del-papa-francisco\/\">La Federaci\u00f3n de Comunidades Jud\u00edas de Espa\u00f1a consternada por el fallecimiento del Papa Francisco<\/a><\/p><\/blockquote>\n<p><iframe loading=\"lazy\" class=\"wp-embedded-content\" sandbox=\"allow-scripts\" security=\"restricted\" style=\"position: absolute; visibility: hidden;\" title=\"\u00abLa Federaci\u00f3n de Comunidades Jud\u00edas de Espa\u00f1a consternada por el fallecimiento del Papa Francisco\u00bb \u2014 \" src=\"https:\/\/www.fcje.org\/la-federacion-de-comunidades-judias-de-espana-consternada-por-el-fallecimiento-del-papa-francisco\/embed\/#?secret=3CWe2euwnQ#?secret=0zmdhiZ1us\" data-secret=\"0zmdhiZ1us\" width=\"600\" height=\"338\" frameborder=\"0\" marginwidth=\"0\" marginheight=\"0\" scrolling=\"no\"><\/iframe><\/p>\n","protected":false},"excerpt":{"rendered":"<p>La Federaci\u00f3n de Comunidades Jud\u00edas de Espa\u00f1a consternada por el fallecimiento del Papa Francisco<\/p>\n","protected":false},"author":2,"featured_media":2637,"comment_status":"closed","ping_status":"closed","sticky":false,"template":"","format":"standard","meta":{"_et_pb_use_builder":"","_et_pb_old_content":"","_et_gb_content_width":"","footnotes":""},"categories":[33],"tags":[],"class_list":["post-2635","post","type-post","status-publish","format-standard","has-post-thumbnail","hentry","category-news"],"_links":{"self":[{"href":"https:\/\/cejc-madrid.org\/index.php\/wp-json\/wp\/v2\/posts\/2635","targetHints":{"allow":["GET"]}}],"collection":[{"href":"https:\/\/cejc-madrid.org\/index.php\/wp-json\/wp\/v2\/posts"}],"about":[{"href":"https:\/\/cejc-madrid.org\/index.php\/wp-json\/wp\/v2\/types\/post"}],"author":[{"embeddable":true,"href":"https:\/\/cejc-madrid.org\/index.php\/wp-json\/wp\/v2\/users\/2"}],"replies":[{"embeddable":true,"href":"https:\/\/cejc-madrid.org\/index.php\/wp-json\/wp\/v2\/comments?post=2635"}],"version-history":[{"count":3,"href":"https:\/\/cejc-madrid.org\/index.php\/wp-json\/wp\/v2\/posts\/2635\/revisions"}],"predecessor-version":[{"id":2655,"href":"https:\/\/cejc-madrid.org\/index.php\/wp-json\/wp\/v2\/posts\/2635\/revisions\/2655"}],"wp:featuredmedia":[{"embeddable":true,"href":"https:\/\/cejc-madrid.org\/index.php\/wp-json\/wp\/v2\/media\/2637"}],"wp:attachment":[{"href":"https:\/\/cejc-madrid.org\/index.php\/wp-json\/wp\/v2\/media?parent=2635"}],"wp:term":[{"taxonomy":"category","embeddable":true,"href":"https:\/\/cejc-madrid.org\/index.php\/wp-json\/wp\/v2\/categories?post=2635"},{"taxonomy":"post_tag","embeddable":true,"href":"https:\/\/cejc-madrid.org\/index.php\/wp-json\/wp\/v2\/tags?post=2635"}],"curies":[{"name":"wp","href":"https:\/\/api.w.org\/{rel}","templated":true}]}}