{"id":2638,"date":"2025-04-21T11:16:59","date_gmt":"2025-04-21T11:16:59","guid":{"rendered":"https:\/\/cejc-madrid.org\/?p=2638"},"modified":"2025-04-21T11:19:10","modified_gmt":"2025-04-21T11:19:10","slug":"la-iglesia-de-madrid-se-une-por-el-fallecimiento-del-papa","status":"publish","type":"post","link":"https:\/\/cejc-madrid.org\/index.php\/2025\/04\/21\/la-iglesia-de-madrid-se-une-por-el-fallecimiento-del-papa\/","title":{"rendered":"La Iglesia de Madrid se une por el fallecimiento del Papa"},"content":{"rendered":"<p>La Iglesia de Madrid se une en oraci\u00f3n por el fallecimiento del Papa Francisco<\/p>\n<p>El cardenal Jos\u00e9 Cobo, arzobispo de Madrid, invita a toda la Iglesia de Madrid a participar en la Misa que se celebrar\u00e1 esta tarde, lunes 21 de abril, a las 19:00 h en la catedral de la Almudena, para recordar y rezar por el Papa Francisco.<\/p>\n<p>El mismo arzobispo de Madrid, el cardenal Jos\u00e9 Cobo, presidir\u00e1 la Misa a la que toda la Iglesia est\u00e1 invitada a participar.<\/p>\n<p>Adem\u00e1s, de 12:00 h a 12:30 h, sonar\u00e1n a difunto las campanas de la catedral. Se invita a todas las parroquias de la di\u00f3cesis a unirse a este gesto tocando tambi\u00e9n sus campanas en ese mismo horario.<\/p>\n<p>El comunicado de la Santa Sede<\/p>\n<p>El Papa Francisco ha fallecido este lunes, 21 de abril, a los 88 a\u00f1os de edad, en Roma seg\u00fan ha anunciado el cardenal Kevin Joseph Farrell, cardenal camarlengo. La Santa Sede lo ha hecho p\u00fablico a las 10.00h. con un comunicado:<\/p>\n<p>Esta ma\u00f1ana, el cardenal Kevin Joseph Farrell, anunci\u00f3 con tristeza el fallecimiento del Papa Francisco, con estas palabras: \u00abQueridos hermanos y hermanas, con profundo dolor debo anunciar el fallecimiento de nuestro Santo Padre Francisco. A las 7:35 de esta ma\u00f1ana, el Obispo de Roma, Francisco, regres\u00f3 a la casa del Padre. Toda su vida estuvo dedicada al servicio del Se\u00f1or y de Su Iglesia. Nos ense\u00f1\u00f3 a vivir los valores del Evangelio con fidelidad, valent\u00eda y amor universal, especialmente en favor de los m\u00e1s pobres y marginados. Con inmensa gratitud por su ejemplo de verdadero disc\u00edpulo del Se\u00f1or Jes\u00fas, encomendamos el alma del Papa Francisco al infinito amor misericordioso del Dios Uno y Trino\u00bb.<\/p>\n<p><a href=\"https:\/\/l.facebook.com\/l.php?u=https%3A%2F%2Fwww.archimadrid.org%2Findex.php%2Foficina-de-informacion%2Fnoticias-madrid%2Fla-iglesia-de-madrid-se-une-en-oracion-por-el-fallecimiento-del-papa-francisco&amp;h=AT1f8yaIXQKsv9gYnr56gd7VgWgMhFhy6k_z6yHlkfAWJoRqTZnY1zYgEjbZ38eqG89jIv9Qk6cyD2L_OfMtcDAV0VYiMHpcCCZwbxxCdmwuspbuTyPmoQJcLoJ3oK1Lbkslb8eCG8b7vqQG&amp;s=1\">https:\/\/l.facebook.com\/l.php?u=https%3A%2F%2Fwww.archimadrid.org%2Findex.php%2Foficina-de-informacion%2Fnoticias-madrid%2Fla-iglesia-de-madrid-se-une-en-oracion-por-el-fallecimiento-del-papa-francisco%3Ffbclid%3DIwZXh0bgNhZW0CMTEAAR5ZbNdSZayNgzCuxrNy6EzEtX-tZcdzRC1vRYgJ5A-p6AA7HWVk_8wIqbHiWA_aem_VgEKwaz8xqI-DoqtApWr3w&amp;h=AT34Eh4btmYRbm14UjfkDiZOuyA_zGagnbAe-XtVpfZZ7JoOlATtVcxSKgo4Dgo6fDwD1Kox67KI7KJ9nmwHlzIZVF1BRz82s_-E2Gtst_g38MJ8AL49i1GgFNjd7xDtoJA2I_f-zRa2gYN-&amp;__tn__=%2CmH-R&amp;c[0]=AT2imfj4QuTJQqrMPx6-TLgaOWyCbiZcn3MjeLQumPFJqmVcd8oZLspeAPv8rkYQZT5HoKpyCSjNr9pGOTE79IHbmtmdD4aDRujVgaKfwhwndhBlXGBvYvyGtLxXchkKFwehvEojqzmcElcpT09hy6Cg9uWRlEdExVDh2wxke01SYLODgISU2ZvOEseEsM5EgGaeLPi36XT1zcAR37Chgim1Fybk\u00a0<\/a><\/p>\n","protected":false},"excerpt":{"rendered":"<p>La Iglesia de Madrid se une en oraci\u00f3n por el fallecimiento del Papa Francisco El cardenal Jos\u00e9 Cobo, arzobispo de Madrid, invita a toda la Iglesia de Madrid a participar en la Misa que se celebrar\u00e1 esta tarde, lunes 21 de abril, a las 19:00 h en la catedral de la Almudena, para recordar y [&hellip;]<\/p>\n","protected":false},"author":2,"featured_media":2639,"comment_status":"closed","ping_status":"closed","sticky":false,"template":"","format":"standard","meta":{"_et_pb_use_builder":"","_et_pb_old_content":"","_et_gb_content_width":"","footnotes":""},"categories":[33],"tags":[],"class_list":["post-2638","post","type-post","status-publish","format-standard","has-post-thumbnail","hentry","category-news"],"_links":{"self":[{"href":"https:\/\/cejc-madrid.org\/index.php\/wp-json\/wp\/v2\/posts\/2638","targetHints":{"allow":["GET"]}}],"collection":[{"href":"https:\/\/cejc-madrid.org\/index.php\/wp-json\/wp\/v2\/posts"}],"about":[{"href":"https:\/\/cejc-madrid.org\/index.php\/wp-json\/wp\/v2\/types\/post"}],"author":[{"embeddable":true,"href":"https:\/\/cejc-madrid.org\/index.php\/wp-json\/wp\/v2\/users\/2"}],"replies":[{"embeddable":true,"href":"https:\/\/cejc-madrid.org\/index.php\/wp-json\/wp\/v2\/comments?post=2638"}],"version-history":[{"count":3,"href":"https:\/\/cejc-madrid.org\/index.php\/wp-json\/wp\/v2\/posts\/2638\/revisions"}],"predecessor-version":[{"id":2642,"href":"https:\/\/cejc-madrid.org\/index.php\/wp-json\/wp\/v2\/posts\/2638\/revisions\/2642"}],"wp:featuredmedia":[{"embeddable":true,"href":"https:\/\/cejc-madrid.org\/index.php\/wp-json\/wp\/v2\/media\/2639"}],"wp:attachment":[{"href":"https:\/\/cejc-madrid.org\/index.php\/wp-json\/wp\/v2\/media?parent=2638"}],"wp:term":[{"taxonomy":"category","embeddable":true,"href":"https:\/\/cejc-madrid.org\/index.php\/wp-json\/wp\/v2\/categories?post=2638"},{"taxonomy":"post_tag","embeddable":true,"href":"https:\/\/cejc-madrid.org\/index.php\/wp-json\/wp\/v2\/tags?post=2638"}],"curies":[{"name":"wp","href":"https:\/\/api.w.org\/{rel}","templated":true}]}}