{"id":2643,"date":"2025-04-21T11:28:25","date_gmt":"2025-04-21T11:28:25","guid":{"rendered":"https:\/\/cejc-madrid.org\/?p=2643"},"modified":"2025-04-21T11:28:25","modified_gmt":"2025-04-21T11:28:25","slug":"gracias-santo-padre","status":"publish","type":"post","link":"https:\/\/cejc-madrid.org\/index.php\/2025\/04\/21\/gracias-santo-padre\/","title":{"rendered":"Gracias, Santo Padre"},"content":{"rendered":"<p>Gracias, Santo Padre<\/p>\n<p>Tras toda una vida al servicio de la Iglesia y doce a\u00f1os de pontificado, este lunes de Pascua de Resurrecci\u00f3n, el Papa Francisco ha sido llamado a la casa del Padre. Ha sido el primer papa jesuita e iberoamericano y ser\u00e1 recordado como el Papa de la ternura\u00a0por su constante preocupaci\u00f3n de abrir las puertas de la Iglesia y llevar el abrazo de Jesucristo y su mensaje de esperanza a todas las gentes, en especial a las que m\u00e1s sufren. Los pobres, los refugiados, los migrantes, los presos, los enfermos y las minor\u00edas han ocupado en todo momento un papel protagonista en su labor. Ha guiado la nave de la Iglesia en unos tiempos caracterizados por el cambio de \u00e9poca, una expresi\u00f3n que a \u00e9l le gustaba utilizar. Tender puentes en vez de construir muros fue la nota predominante de su pontificado. En Ediciones Encuentro sentimos un profundo agradecimiento por su vida y su ministerio.<\/p>\n","protected":false},"excerpt":{"rendered":"<p>Gracias, Santo Padre Tras toda una vida al servicio de la Iglesia y doce a\u00f1os de pontificado, este lunes de Pascua de Resurrecci\u00f3n, el Papa Francisco ha sido llamado a la casa del Padre. Ha sido el primer papa jesuita e iberoamericano y ser\u00e1 recordado como el Papa de la ternura\u00a0por su constante preocupaci\u00f3n de [&hellip;]<\/p>\n","protected":false},"author":2,"featured_media":2644,"comment_status":"closed","ping_status":"closed","sticky":false,"template":"","format":"standard","meta":{"_et_pb_use_builder":"","_et_pb_old_content":"","_et_gb_content_width":"","footnotes":""},"categories":[33],"tags":[],"class_list":["post-2643","post","type-post","status-publish","format-standard","has-post-thumbnail","hentry","category-news"],"_links":{"self":[{"href":"https:\/\/cejc-madrid.org\/index.php\/wp-json\/wp\/v2\/posts\/2643","targetHints":{"allow":["GET"]}}],"collection":[{"href":"https:\/\/cejc-madrid.org\/index.php\/wp-json\/wp\/v2\/posts"}],"about":[{"href":"https:\/\/cejc-madrid.org\/index.php\/wp-json\/wp\/v2\/types\/post"}],"author":[{"embeddable":true,"href":"https:\/\/cejc-madrid.org\/index.php\/wp-json\/wp\/v2\/users\/2"}],"replies":[{"embeddable":true,"href":"https:\/\/cejc-madrid.org\/index.php\/wp-json\/wp\/v2\/comments?post=2643"}],"version-history":[{"count":1,"href":"https:\/\/cejc-madrid.org\/index.php\/wp-json\/wp\/v2\/posts\/2643\/revisions"}],"predecessor-version":[{"id":2645,"href":"https:\/\/cejc-madrid.org\/index.php\/wp-json\/wp\/v2\/posts\/2643\/revisions\/2645"}],"wp:featuredmedia":[{"embeddable":true,"href":"https:\/\/cejc-madrid.org\/index.php\/wp-json\/wp\/v2\/media\/2644"}],"wp:attachment":[{"href":"https:\/\/cejc-madrid.org\/index.php\/wp-json\/wp\/v2\/media?parent=2643"}],"wp:term":[{"taxonomy":"category","embeddable":true,"href":"https:\/\/cejc-madrid.org\/index.php\/wp-json\/wp\/v2\/categories?post=2643"},{"taxonomy":"post_tag","embeddable":true,"href":"https:\/\/cejc-madrid.org\/index.php\/wp-json\/wp\/v2\/tags?post=2643"}],"curies":[{"name":"wp","href":"https:\/\/api.w.org\/{rel}","templated":true}]}}