{"id":2665,"date":"2025-04-30T10:26:42","date_gmt":"2025-04-30T10:26:42","guid":{"rendered":"https:\/\/cejc-madrid.org\/?p=2665"},"modified":"2025-04-30T10:26:42","modified_gmt":"2025-04-30T10:26:42","slug":"los-cardenales-agradecen-la-presencia-de-judios-y-musulmanes-en-la-misa-exequial-de-francisco","status":"publish","type":"post","link":"https:\/\/cejc-madrid.org\/index.php\/2025\/04\/30\/los-cardenales-agradecen-la-presencia-de-judios-y-musulmanes-en-la-misa-exequial-de-francisco\/","title":{"rendered":"Los cardenales agradecen la presencia de jud\u00edos y musulmanes en la Misa exequial de Francisco"},"content":{"rendered":"<p><strong>Los cardenales agradecen la presencia de jud\u00edos y musulmanes en la Misa exequial de Francisco<\/strong><\/p>\n<p>El colegio cardenalicio ha expresado \u201csu m\u00e1s sentido agradecimiento\u201d a los diferentes representantes de otras religiones que participaron en la Misa exequial del Papa Francisco. Concretamente, han dado las gracias \u201ca los representantes del Juda\u00edsmo, del Islam y de otras religiones\u201d, se lee en un comunicado publicado por la Oficina de Prensa del Vaticano.<\/p>\n<p>En la nota, los purpurados tambi\u00e9n reconocen las presencia de las delegaciones civiles que participaron, cerca de 150 y unos 50 jefes de Estado y Gobierno: \u201cSu presencia ha sido particularmente apreciada como participaci\u00f3n en el dolor de la Iglesia y de la Santa Sede por el fallecimiento del Pont\u00edfice y como homenaje a su incesante compromiso en favor de la fe, la paz y la fraternidad entre todos los pueblos de la Tierra\u201d.<\/p>\n<p>Adem\u00e1s de los miembros de otras religiones y de los jefes de Estado, en la celebraci\u00f3n estuvieron presentes cerca de 250.000 personas, mientras que otras 150.000 se congregaron al paso del cortejo f\u00fanebre que llev\u00f3 al Papa Francisco a su sepultura desde San Pedro a la bas\u00edlica de Santa Mar\u00eda la Mayor por las calles de Roma.<\/p>\n<p>Ante semejante cantidad de personas, el colegio cardenalicio ha destacado el desempe\u00f1o de las autoridades italianas, quienes con su trabajo \u201ccontribuyeron, con gran empe\u00f1o y generosidad, a la preparaci\u00f3n de todo lo necesario para las diversas celebraciones reconociendo que, gracias a su trabajo, todo se desarroll\u00f3 en orden y tranquilidad\u201d.<\/p>\n<p>Los purpurados tampoco olvidan \u201ca los miles de adolescentes y j\u00f3venes que participaron en el Jubileo del domingo 27 de abril, mostrando el rostro de una Iglesia viva con la vida de su Se\u00f1or Resucitado y a todo el pueblo de Dios que camina con esperanza hacia el futuro\u201d.<\/p>\n<p>Fuente: Alfa &amp; Omega<\/p>\n","protected":false},"excerpt":{"rendered":"<p>Los cardenales agradecen la presencia de jud\u00edos y musulmanes en la Misa exequial de Francisco El colegio cardenalicio ha expresado \u201csu m\u00e1s sentido agradecimiento\u201d a los diferentes representantes de otras religiones que participaron en la Misa exequial del Papa Francisco. Concretamente, han dado las gracias \u201ca los representantes del Juda\u00edsmo, del Islam y de otras [&hellip;]<\/p>\n","protected":false},"author":2,"featured_media":2666,"comment_status":"closed","ping_status":"closed","sticky":false,"template":"","format":"standard","meta":{"_et_pb_use_builder":"","_et_pb_old_content":"","_et_gb_content_width":"","footnotes":""},"categories":[33],"tags":[],"class_list":["post-2665","post","type-post","status-publish","format-standard","has-post-thumbnail","hentry","category-news"],"_links":{"self":[{"href":"https:\/\/cejc-madrid.org\/index.php\/wp-json\/wp\/v2\/posts\/2665","targetHints":{"allow":["GET"]}}],"collection":[{"href":"https:\/\/cejc-madrid.org\/index.php\/wp-json\/wp\/v2\/posts"}],"about":[{"href":"https:\/\/cejc-madrid.org\/index.php\/wp-json\/wp\/v2\/types\/post"}],"author":[{"embeddable":true,"href":"https:\/\/cejc-madrid.org\/index.php\/wp-json\/wp\/v2\/users\/2"}],"replies":[{"embeddable":true,"href":"https:\/\/cejc-madrid.org\/index.php\/wp-json\/wp\/v2\/comments?post=2665"}],"version-history":[{"count":1,"href":"https:\/\/cejc-madrid.org\/index.php\/wp-json\/wp\/v2\/posts\/2665\/revisions"}],"predecessor-version":[{"id":2667,"href":"https:\/\/cejc-madrid.org\/index.php\/wp-json\/wp\/v2\/posts\/2665\/revisions\/2667"}],"wp:featuredmedia":[{"embeddable":true,"href":"https:\/\/cejc-madrid.org\/index.php\/wp-json\/wp\/v2\/media\/2666"}],"wp:attachment":[{"href":"https:\/\/cejc-madrid.org\/index.php\/wp-json\/wp\/v2\/media?parent=2665"}],"wp:term":[{"taxonomy":"category","embeddable":true,"href":"https:\/\/cejc-madrid.org\/index.php\/wp-json\/wp\/v2\/categories?post=2665"},{"taxonomy":"post_tag","embeddable":true,"href":"https:\/\/cejc-madrid.org\/index.php\/wp-json\/wp\/v2\/tags?post=2665"}],"curies":[{"name":"wp","href":"https:\/\/api.w.org\/{rel}","templated":true}]}}