{"id":2704,"date":"2025-06-24T11:47:01","date_gmt":"2025-06-24T11:47:01","guid":{"rendered":"https:\/\/cejc-madrid.org\/?p=2704"},"modified":"2025-06-24T11:47:01","modified_gmt":"2025-06-24T11:47:01","slug":"ataque-suicida-en-una-iglesia-en-damasco","status":"publish","type":"post","link":"https:\/\/cejc-madrid.org\/index.php\/2025\/06\/24\/ataque-suicida-en-una-iglesia-en-damasco\/","title":{"rendered":"Ataque suicida en una iglesia en Damasco"},"content":{"rendered":"<div class=\"default-title\"><\/div>\n<div class=\"default-epigraph\">\n<div id=\"m12189-12188-12190\" class=\"c-detail__subtitle \">\n<h2>El domingo 22 de junio, en Siria, un atacante suicida <a href=\"https:\/\/www.eldebate.com\/internacional\/20250622\/menos-15-muertos-varios-heridos-ataque-suicida-contra-iglesia-damasco_309857.html\">perpetr\u00f3 un atentado dentro de una iglesia llena de gente durante la misa dominical, <\/a>dejando al menos 22 muertos y 63 heridos. Ning\u00fan grupo se atribuy\u00f3 la responsabilidad de inmediato, pero el Ministerio del Interior sirio afirm\u00f3 que el sospechoso pertenec\u00eda al grupo Estado Isl\u00e1mico, que entr\u00f3 en el templo y dispar\u00f3 contra los presentes antes de inmolarse con un chaleco explosivo.<\/h2>\n<\/div>\n<\/div>\n","protected":false},"excerpt":{"rendered":"<p>El domingo 22 de junio, en Siria, un atacante suicida perpetr\u00f3 un atentado dentro de una iglesia llena de gente durante la misa dominical, dejando al menos 22 muertos y 63 heridos. Ning\u00fan grupo se atribuy\u00f3 la responsabilidad de inmediato, pero el Ministerio del Interior sirio afirm\u00f3 que el sospechoso pertenec\u00eda al grupo Estado Isl\u00e1mico, [&hellip;]<\/p>\n","protected":false},"author":2,"featured_media":2705,"comment_status":"closed","ping_status":"closed","sticky":false,"template":"","format":"standard","meta":{"_et_pb_use_builder":"","_et_pb_old_content":"","_et_gb_content_width":"","footnotes":""},"categories":[33],"tags":[],"class_list":["post-2704","post","type-post","status-publish","format-standard","has-post-thumbnail","hentry","category-news"],"_links":{"self":[{"href":"https:\/\/cejc-madrid.org\/index.php\/wp-json\/wp\/v2\/posts\/2704","targetHints":{"allow":["GET"]}}],"collection":[{"href":"https:\/\/cejc-madrid.org\/index.php\/wp-json\/wp\/v2\/posts"}],"about":[{"href":"https:\/\/cejc-madrid.org\/index.php\/wp-json\/wp\/v2\/types\/post"}],"author":[{"embeddable":true,"href":"https:\/\/cejc-madrid.org\/index.php\/wp-json\/wp\/v2\/users\/2"}],"replies":[{"embeddable":true,"href":"https:\/\/cejc-madrid.org\/index.php\/wp-json\/wp\/v2\/comments?post=2704"}],"version-history":[{"count":1,"href":"https:\/\/cejc-madrid.org\/index.php\/wp-json\/wp\/v2\/posts\/2704\/revisions"}],"predecessor-version":[{"id":2706,"href":"https:\/\/cejc-madrid.org\/index.php\/wp-json\/wp\/v2\/posts\/2704\/revisions\/2706"}],"wp:featuredmedia":[{"embeddable":true,"href":"https:\/\/cejc-madrid.org\/index.php\/wp-json\/wp\/v2\/media\/2705"}],"wp:attachment":[{"href":"https:\/\/cejc-madrid.org\/index.php\/wp-json\/wp\/v2\/media?parent=2704"}],"wp:term":[{"taxonomy":"category","embeddable":true,"href":"https:\/\/cejc-madrid.org\/index.php\/wp-json\/wp\/v2\/categories?post=2704"},{"taxonomy":"post_tag","embeddable":true,"href":"https:\/\/cejc-madrid.org\/index.php\/wp-json\/wp\/v2\/tags?post=2704"}],"curies":[{"name":"wp","href":"https:\/\/api.w.org\/{rel}","templated":true}]}}