{"id":2717,"date":"2025-09-26T08:21:32","date_gmt":"2025-09-26T08:21:32","guid":{"rendered":"https:\/\/cejc-madrid.org\/?p=2717"},"modified":"2025-10-31T12:05:53","modified_gmt":"2025-10-31T12:05:53","slug":"ciclo-de-conferencias-curso-2025-2026","status":"publish","type":"post","link":"https:\/\/cejc-madrid.org\/index.php\/2025\/09\/26\/ciclo-de-conferencias-curso-2025-2026\/","title":{"rendered":"Ciclo de Conferencias Curso 2025\/2026"},"content":{"rendered":"<p>Ciclo de Conferencias Curso 2025\/2026<\/p>\n<p><strong>\u00abEl patrimonio com\u00fan judeo-cristiano seg\u00fan la Declaraci\u00f3n Nostra Aetate\u00bb<\/strong><\/p>\n<p>Octubre<\/p>\n<p>29-10-2025 Apertura del Curso: \u201cEl patrimonio com\u00fan judeo-cristiano seg\u00fan Rm 9, 4-5 Dr. Elio Passeto, NDS &#8211; Instituto Ratisbonne Jerusalem<\/p>\n<p>Noviembre<\/p>\n<p>5-11-2025 \u201cEl rechazo del patrimonio com\u00fan judeo-cristiano por parte de Padres de la Iglesia\u201d Dr. Davide Tomaselli &#8211; Universidad E. San D\u00e1maso<\/p>\n<p>12-11-2025 \u201c\u00bfUn Testamento &#8216;Nuevo&#8217;? La ra\u00edz de la novedad\u201d Dr. Luis S\u00e1nchez Navarro &#8211; Universidad E. San D\u00e1maso<\/p>\n<p>19-11-2025 ONLINE \u201cDiversos lazos del patrimonio com\u00fan judeo-cristiano\u201d Dr. Mois\u00e9s Orfali &#8211; Universidad Bar &#8211; Ilan<\/p>\n<p>26-11-2025 ONLINE \u201cPerspectiva jud\u00eda sobre el patrimonio com\u00fan judeo-cristiano\u201d Rab. Mario Karpuj &#8211; Com. Jud\u00eda Masort\u00ed Bet-El Madrid<\/p>\n<p>Diciembre<\/p>\n<p>3-12-2025 \u201cEl patrimonio com\u00fan judeo-cristiano como fuente cultural de Occidente\u201d Dr. Florentino Portero &#8211; Fundaci\u00f3n Civismo<\/p>\n<p>10-12-2025 \u201cLa aportaci\u00f3n de la cultura jud\u00eda a la cultura espa\u00f1ola\u201d D\u00f1a. Berta Bensad\u00f3n &#8211; Miembro de la CJM<\/p>\n<p>17-12-2026 \u201cLa dificultad de hablar del patrimonio com\u00fan judeo-cristiano entre cristianos\u201d Dra. Cayetana H. Johnson &#8211; Universidad San D\u00e1maso<\/p>\n<p>Enero<\/p>\n<p>14-1-2026 \u201c\u00bfC\u00f3mo se transmite el patrimonio com\u00fan judeo-cristiano en la formaci\u00f3n teol\u00f3gica?\u201d Dr. Donizete Luiz Ribeiro, NDS &#8211; CCDEJ de S\u00e3o Paulo y PUCRIO<\/p>\n<p>28-1-2026 \u201cEl patrimonio com\u00fan judeo-cristiano y otras religiones: divergencias y convergencias\u201d Dr. Julio D\u00edaz Pi\u00f1eiro &#8211; Facultad Protestante de Teolog\u00eda UEBE<\/p>\n<p>Febrero<\/p>\n<p>4-2-2026 \u201cEl patrimonio com\u00fan judeo-cristiano en el Catecismo de la Iglesia\u201d D. Aitor de la Morena &#8211; Universidad E. San D\u00e1maso<\/p>\n<p>11-2-2026 \u201cEl juda\u00edsmo en la ense\u00f1anza de la Iglesia\u201d Dr. Nicol\u00e1s \u00c1lvarez de las Asturias &#8211; Universidad E. San D\u00e1maso<\/p>\n<p>18-2-2026 \u201c\u00bfExiste entre los cristianos una conciencia del patrimonio com\u00fan judeo-cristiano?\u201d Dr. Manuel Gonz\u00e1lez &#8211; Presb\u00edtero. Di\u00f3cesis de Madrid<\/p>\n<p>25-2-2026 \u201cFuentes tradicionales jud\u00edas en la narrativa cristiana medieval\u201d Dra. Amparo Alba &#8211; Universidad Complutense<\/p>\n<p>Marzo<\/p>\n<p>4-3-2026 \u201cEl patrimonio com\u00fan judeo-cristiano como fuente del humanismo moderno\u201d Dr. Gabriel Albiac &#8211; Universidad Complutense<\/p>\n<p>11-3-2026 \u201c\u00bfC\u00f3mo perciben los jud\u00edos las ense\u00f1anzas de Nostra Aetate?\u201d Dr. Mauricio Toledano Marqu\u00e9s &#8211; Miembro de la CJM<\/p>\n<p>18-3-2026 \u201cEl patrimonio com\u00fan judeo-cristiano en el derecho universal\u201d Dr. Ra\u00fal Bl\u00e1zquez Castillo &#8211; Tribunal Eclesi\u00e1stico de Madrid<\/p>\n<p>25-3-2026 \u201c\u00bfC\u00f3mo puede el patrimonio com\u00fan judeo-cristiano responder a las crisis de nuestro tiempo?\u201d Dr. \u00c1ngel Barahona Plaza &#8211; Universidad Francisco de Vitoria<\/p>\n<p>Abril<\/p>\n<p>15-4-2026 ONLINE \u201c\u00bfNecesitan los jud\u00edos el di\u00e1logo con los cristianos?\u201d MA Ethel Barylka &#8211; Mujer y Juda\u00edsmo<\/p>\n<p>22-4-2026 ONLINE \u201cLa Iglesia no reemplaza al juda\u00edsmo, sino que se asocia a \u00e9l\u201d Dr. Elio Passeto, NDS &#8211; Instituto Ratisbonne Jerusalem<\/p>\n<p>29-4-2026 ONLINE \u201cJud\u00edos y cristianos, en sus diferencias, forman el pueblo de Dios\u201d Dr. Donizete Luiz Ribeiro, NDS &#8211; CCDEJ de S\u00e3o Paulo y PUCRIO \/ Rab. Mario Karpuj &#8211; Com. Jud\u00eda Masort\u00ed Bet-El Madrid<\/p>\n<p>Mayo<\/p>\n<p>6-5-2026 \u201cPuntos relevantes de la Declaraci\u00f3n Nostra Aetate para hoy\u201d Dr. Rafael V\u00e1zquez Jim\u00e9nez &#8211; Conferencia Episcopal Espa\u00f1ola<\/p>\n<p>13-5-2026 \u201cLos desaf\u00edos del di\u00e1logo judeo-cristiano despu\u00e9s de 60 a\u00f1os de Nostra Aetate\u201d D. Jorge Gonz\u00e1lez-Gallarza &#8211; Centro de Derechos Fundamentales<\/p>\n<p>20-5-2026 Clausura Curso 2025\/2026<\/p>\n<p>\u201cPara una reflexi\u00f3n teol\u00f3gica actual del patrimonio com\u00fan judeo-cristiano\u201d D. \u00c1ngel Casta\u00f1o &#8211; Universidad San D\u00e1maso<\/p>\n","protected":false},"excerpt":{"rendered":"<p>Ciclo de Conferencias Curso 2025\/2026 \u00abEl patrimonio com\u00fan judeo-cristiano seg\u00fan la Declaraci\u00f3n Nostra Aetate\u00bb Octubre 29-10-2025 Apertura del Curso: \u201cEl patrimonio com\u00fan judeo-cristiano seg\u00fan Rm 9, 4-5 Dr. Elio Passeto, NDS &#8211; Instituto Ratisbonne Jerusalem Noviembre 5-11-2025 \u201cEl rechazo del patrimonio com\u00fan judeo-cristiano por parte de Padres de la Iglesia\u201d Dr. Davide Tomaselli &#8211; Universidad [&hellip;]<\/p>\n","protected":false},"author":2,"featured_media":2720,"comment_status":"closed","ping_status":"closed","sticky":false,"template":"","format":"standard","meta":{"_et_pb_use_builder":"","_et_pb_old_content":"","_et_gb_content_width":"","footnotes":""},"categories":[239,33],"tags":[],"class_list":["post-2717","post","type-post","status-publish","format-standard","has-post-thumbnail","hentry","category-conferencias","category-news"],"_links":{"self":[{"href":"https:\/\/cejc-madrid.org\/index.php\/wp-json\/wp\/v2\/posts\/2717","targetHints":{"allow":["GET"]}}],"collection":[{"href":"https:\/\/cejc-madrid.org\/index.php\/wp-json\/wp\/v2\/posts"}],"about":[{"href":"https:\/\/cejc-madrid.org\/index.php\/wp-json\/wp\/v2\/types\/post"}],"author":[{"embeddable":true,"href":"https:\/\/cejc-madrid.org\/index.php\/wp-json\/wp\/v2\/users\/2"}],"replies":[{"embeddable":true,"href":"https:\/\/cejc-madrid.org\/index.php\/wp-json\/wp\/v2\/comments?post=2717"}],"version-history":[{"count":2,"href":"https:\/\/cejc-madrid.org\/index.php\/wp-json\/wp\/v2\/posts\/2717\/revisions"}],"predecessor-version":[{"id":2722,"href":"https:\/\/cejc-madrid.org\/index.php\/wp-json\/wp\/v2\/posts\/2717\/revisions\/2722"}],"wp:featuredmedia":[{"embeddable":true,"href":"https:\/\/cejc-madrid.org\/index.php\/wp-json\/wp\/v2\/media\/2720"}],"wp:attachment":[{"href":"https:\/\/cejc-madrid.org\/index.php\/wp-json\/wp\/v2\/media?parent=2717"}],"wp:term":[{"taxonomy":"category","embeddable":true,"href":"https:\/\/cejc-madrid.org\/index.php\/wp-json\/wp\/v2\/categories?post=2717"},{"taxonomy":"post_tag","embeddable":true,"href":"https:\/\/cejc-madrid.org\/index.php\/wp-json\/wp\/v2\/tags?post=2717"}],"curies":[{"name":"wp","href":"https:\/\/api.w.org\/{rel}","templated":true}]}}