{"id":2723,"date":"2025-10-07T10:36:05","date_gmt":"2025-10-07T10:36:05","guid":{"rendered":"https:\/\/cejc-madrid.org\/?p=2723"},"modified":"2025-10-07T10:36:05","modified_gmt":"2025-10-07T10:36:05","slug":"boletin-informativo-octubre-2025","status":"publish","type":"post","link":"https:\/\/cejc-madrid.org\/index.php\/2025\/10\/07\/boletin-informativo-octubre-2025\/","title":{"rendered":"Bolet\u00edn informativo Octubre 2025"},"content":{"rendered":"<p>El Bolet\u00edn informativo de Octubre se acerca a los siguientes temas:<\/p>\n<ul>\n<li>Cristianos perseguidos: un grito sordo en el cielo<\/li>\n<li>Fallece D. Jos\u00e9 Antonio \u00c1lvarez, Obispo auxiliar de Madrid<\/li>\n<li>Video conmemorativo del segundo aniversario de la masacre del 7 de octubre en Israel<\/li>\n<li>El Centro de Estudios Judeo-Cristianos, presente en la hist\u00f3rica ordenaci\u00f3n de tres rabinos reformistas en Espa\u00f1a, entre ellos, la primera rabina de Madrid<\/li>\n<li>El Papa Le\u00f3n XIV recibi\u00f3 al Presidente de Israel Isaac Herzog en el Vaticano<\/li>\n<li>El primer trasplante de m\u00e9dula espinal del mundo realizado en Israel podr\u00eda permitir a los pacientes volver a caminar<\/li>\n<li>Siete casos de vandalismo y profanaciones en templos cat\u00f3licos en Espa\u00f1a en un mes<\/li>\n<li>Centro Sefarad-Israel celebra Rosh Hashan\u00e1 con un llamamiento a la paz y al compromiso contra el antisemitismo<\/li>\n<li>Comunicado de la Comunidad Jud\u00eda de Madrid ante las protestas en La Vuelta Ciclista<\/li>\n<li>Antisemitismo en el mundo<\/li>\n<li>Cristianos perseguidos. Atentados islamista contra iglesia en Siria. Sacerdote cat\u00f3lico asesinado en Sud\u00e1n por milicias paramilitares. Cristianos en India atacados por resistirse a conversiones forzadas. Violencia contra cristianos en M\u00e9xico. Al menos 261 religiosos desterrados de Nicaragua. Iglesia Cat\u00f3lica del Congo llora, protesta y persevera tras brutal ataque. Nigeria: m\u00e1s de 7.000 cristianos asesinados en 2025 en 220 d\u00edas. Cristiano iraqu\u00ed asesinado en Lyon reaviva la alarma por la violencia anticristiana en Francia<\/li>\n<li>Saludo del Papa a la comunidad jud\u00eda de Roma<\/li>\n<li>Un an\u00e1lisis de sangre desarrollado en Israel promete eliminar las conjeturas en el tratamiento de la depresi\u00f3n<\/li>\n<li>Fallece Daniel Abraham, defensor de la paz con Israel<\/li>\n<li>Nueva York dedic\u00f3 un mes entero a la cultura jud\u00eda sefard\u00ed<\/li>\n<li>Descubren un sarc\u00f3fago de 1.700 a\u00f1os con una escena mitol\u00f3gica en la antigua Cesarea<\/li>\n<li>Israel recupera en Gaza los cuerpos de cuatro rehenes, asesinados el 7 de octubre<\/li>\n<li>Desarrollan en Israel una hist\u00f3rica vacuna contra la peste<\/li>\n<li>Muere Robert Jay Lifton, pionero en el estudio de los m\u00e9dicos nazis y la memoria jud\u00eda<\/li>\n<\/ul>\n","protected":false},"excerpt":{"rendered":"<p>El Bolet\u00edn informativo de Octubre se acerca a los siguientes temas: Cristianos perseguidos: un grito sordo en el cielo Fallece D. Jos\u00e9 Antonio \u00c1lvarez, Obispo auxiliar de Madrid Video conmemorativo del segundo aniversario de la masacre del 7 de octubre en Israel El Centro de Estudios Judeo-Cristianos, presente en la hist\u00f3rica ordenaci\u00f3n de tres rabinos [&hellip;]<\/p>\n","protected":false},"author":2,"featured_media":2724,"comment_status":"closed","ping_status":"closed","sticky":false,"template":"","format":"standard","meta":{"_et_pb_use_builder":"","_et_pb_old_content":"","_et_gb_content_width":"","footnotes":""},"categories":[4],"tags":[],"class_list":["post-2723","post","type-post","status-publish","format-standard","has-post-thumbnail","hentry","category-circular"],"_links":{"self":[{"href":"https:\/\/cejc-madrid.org\/index.php\/wp-json\/wp\/v2\/posts\/2723","targetHints":{"allow":["GET"]}}],"collection":[{"href":"https:\/\/cejc-madrid.org\/index.php\/wp-json\/wp\/v2\/posts"}],"about":[{"href":"https:\/\/cejc-madrid.org\/index.php\/wp-json\/wp\/v2\/types\/post"}],"author":[{"embeddable":true,"href":"https:\/\/cejc-madrid.org\/index.php\/wp-json\/wp\/v2\/users\/2"}],"replies":[{"embeddable":true,"href":"https:\/\/cejc-madrid.org\/index.php\/wp-json\/wp\/v2\/comments?post=2723"}],"version-history":[{"count":1,"href":"https:\/\/cejc-madrid.org\/index.php\/wp-json\/wp\/v2\/posts\/2723\/revisions"}],"predecessor-version":[{"id":2725,"href":"https:\/\/cejc-madrid.org\/index.php\/wp-json\/wp\/v2\/posts\/2723\/revisions\/2725"}],"wp:featuredmedia":[{"embeddable":true,"href":"https:\/\/cejc-madrid.org\/index.php\/wp-json\/wp\/v2\/media\/2724"}],"wp:attachment":[{"href":"https:\/\/cejc-madrid.org\/index.php\/wp-json\/wp\/v2\/media?parent=2723"}],"wp:term":[{"taxonomy":"category","embeddable":true,"href":"https:\/\/cejc-madrid.org\/index.php\/wp-json\/wp\/v2\/categories?post=2723"},{"taxonomy":"post_tag","embeddable":true,"href":"https:\/\/cejc-madrid.org\/index.php\/wp-json\/wp\/v2\/tags?post=2723"}],"curies":[{"name":"wp","href":"https:\/\/api.w.org\/{rel}","templated":true}]}}