{"id":2736,"date":"2025-11-04T12:33:44","date_gmt":"2025-11-04T12:33:44","guid":{"rendered":"https:\/\/cejc-madrid.org\/?p=2736"},"modified":"2025-11-04T12:33:44","modified_gmt":"2025-11-04T12:33:44","slug":"inauguracion-del-curso-2025-26-del-centro-de-estudios-judeo-cristianos","status":"publish","type":"post","link":"https:\/\/cejc-madrid.org\/index.php\/2025\/11\/04\/inauguracion-del-curso-2025-26-del-centro-de-estudios-judeo-cristianos\/","title":{"rendered":"Inauguraci\u00f3n del Curso 2025\/26 del Centro de Estudios Judeo-Cristianos"},"content":{"rendered":"<p><strong>Inauguraci\u00f3n del curso acad\u00e9mico 2025\/2026 del CEJC<\/strong><\/p>\n<p>El pasado 29 de octubre, el Centro de Estudios Judeo-Cristianos (CEJC) inaugur\u00f3 su curso acad\u00e9mico 2025\/26 en el Aula Pablo Dom\u00ednguez de la Universidad Eclesi\u00e1stica San D\u00e1maso, bajo el t\u00edtulo <strong>\u201cEl patrimonio com\u00fan judeo-cristiano seg\u00fan la Declaraci\u00f3n Nostra Aetate\u201d<\/strong>. El acto inaugural fue presidido por <strong>Dr. Nicol\u00e1s \u00c1lvarez de las Asturias<\/strong>, Rector de la Universidad.<\/p>\n<p><strong>T<\/strong>ras dar la bienvenida y agradecer la asistencia a los presentes, Dr. Nicol\u00e1s cedi\u00f3 la palabra a <strong>D\u00f1a. Marina Lara<\/strong>, Enlace Institucional del CEJC, la cual record\u00f3 la relevancia de la Declaraci\u00f3n Nostra Aetate, aprobada por el Concilio Vaticano II el 28 de octubre de 1965 y de la cual se cumple el 60 aniversario: <em>\u201cLa declaraci\u00f3n Nostra Aetate marc\u00f3 un antes y un despu\u00e9s en la relaci\u00f3n entre la Iglesia y el pueblo jud\u00edo. Abri\u00f3 un camino de respeto, de conocimiento mutuo y de sincera amistad, punto de partida de unas relaciones m\u00e1s fraternas\u201d<\/em>.<\/p>\n<p>El <strong>Rev. D. Carlos Vasconcelos, NDS<\/strong>, Director Ejecutivo del CEJC, explic\u00f3 el significado del t\u00edtulo del nuevo ciclo de conferencias para el curso 2025\/26: <em>\u201cTras los acontecimientos del 7 de octubre de 2023, hemos constatado que siguen vivas las causas que movieron al Papa Juan XXIII a querer un documento que hablara de la importancia del di\u00e1logo y el mutuo conocimiento entre jud\u00edos y cristianos, para combatir y exterminar el antisemitismo [\u2026] El nuevo ciclo de conferencias nos invita a meditar, con la Nostra Aetate, no s\u00f3lo sobre nuestras ra\u00edces judaicas, sino tambi\u00e9n sobre la importancia de estas dos tradiciones religiosas para la civilizaci\u00f3n europea, occidental y para el mundo moderno\u201d.<\/em><\/p>\n<p>La conferencia inaugural corri\u00f3 a cargo de <strong>Dr. Elio Passeto, NDS<\/strong>, Director del CEJC, el cual empez\u00f3 recordando al fallecido obispo auxiliar de Madrid D. Jos\u00e9 Antonio \u00c1lvarez y tambi\u00e9n dedic\u00f3 unas palabras de sincero agradecimiento a D\u00f1a. Mayte Rodr\u00edguez, por su labor y dedicaci\u00f3n al CEJC durante d\u00e9cadas. Su ponencia llev\u00f3 como t\u00edtulo <em>\u201cEl patrimonio com\u00fan judeo-cristiano seg\u00fan Rm 9, 4-5\u201d<\/em>. Dr. Elio Passeto abord\u00f3 la carta de San Pablo a los Romanos a la luz del desarrollo teol\u00f3gico posterior a la Declaraci\u00f3n Nostra Aetate, la cual subraya que la Iglesia siempre tiene presente las palabras del ap\u00f3stol sobre sus hermanos. <em>\u201cEl nuevo ciclo de conferencias del CEJC pretende seguir el camino teol\u00f3gico iniciado por la Nostra Aetate [\u2026] El encuentro con los fundamentos de la fe cristiana indica necesariamente un di\u00e1logo directo y profundo con el pueblo jud\u00edo\u201d,<\/em> afirm\u00f3.<\/p>\n<p>Tras la ponencia, Dr. Nicol\u00e1s dio por inaugurado el nuevo curso acad\u00e9mico del CEJC 2025\/26. El acto inaugural cont\u00f3 tambi\u00e9n con la presencia de <strong>P. Juan Francisco Mac\u00edas<\/strong>, Director de la Oficina del Se\u00f1or Cardenal y Arzobispo de Madrid; <strong>D. Dan Poraz<\/strong>, Ministro Consejero de la Embajada de Israel en Espa\u00f1a; <strong>D. Laurence Franks<\/strong>, Presidente de la Asociaci\u00f3n Cultural Euskadi-Israel de Vitoria; <strong>D. Aitor de la Morena<\/strong>, Delegado de Ecumenismo y Di\u00e1logo Interreligioso del Arzobispado de Madrid y numerosos profesores, amigos y alumnos del Centro.<\/p>\n<p><a href=\"https:\/\/acsandamaso-my.sharepoint.com\/personal\/rafa_perezcaballero_sandamaso_es\/_layouts\/15\/guestaccess.aspx?share=EXDgvOx9nFdKk9XZLj1YEnsBtIMglvOv8zOA5XA593x6vg&amp;e=0FlRAW\">Inaguracion_curso_judeocristiano.mp4<\/a><\/p>\n","protected":false},"excerpt":{"rendered":"<p>Inauguraci\u00f3n del curso acad\u00e9mico 2025\/2026 del CEJC El pasado 29 de octubre, el Centro de Estudios Judeo-Cristianos (CEJC) inaugur\u00f3 su curso acad\u00e9mico 2025\/26 en el Aula Pablo Dom\u00ednguez de la Universidad Eclesi\u00e1stica San D\u00e1maso, bajo el t\u00edtulo \u201cEl patrimonio com\u00fan judeo-cristiano seg\u00fan la Declaraci\u00f3n Nostra Aetate\u201d. El acto inaugural fue presidido por Dr. Nicol\u00e1s \u00c1lvarez [&hellip;]<\/p>\n","protected":false},"author":2,"featured_media":2737,"comment_status":"closed","ping_status":"closed","sticky":false,"template":"","format":"standard","meta":{"_et_pb_use_builder":"","_et_pb_old_content":"","_et_gb_content_width":"","footnotes":""},"categories":[33],"tags":[],"class_list":["post-2736","post","type-post","status-publish","format-standard","has-post-thumbnail","hentry","category-news"],"_links":{"self":[{"href":"https:\/\/cejc-madrid.org\/index.php\/wp-json\/wp\/v2\/posts\/2736","targetHints":{"allow":["GET"]}}],"collection":[{"href":"https:\/\/cejc-madrid.org\/index.php\/wp-json\/wp\/v2\/posts"}],"about":[{"href":"https:\/\/cejc-madrid.org\/index.php\/wp-json\/wp\/v2\/types\/post"}],"author":[{"embeddable":true,"href":"https:\/\/cejc-madrid.org\/index.php\/wp-json\/wp\/v2\/users\/2"}],"replies":[{"embeddable":true,"href":"https:\/\/cejc-madrid.org\/index.php\/wp-json\/wp\/v2\/comments?post=2736"}],"version-history":[{"count":1,"href":"https:\/\/cejc-madrid.org\/index.php\/wp-json\/wp\/v2\/posts\/2736\/revisions"}],"predecessor-version":[{"id":2738,"href":"https:\/\/cejc-madrid.org\/index.php\/wp-json\/wp\/v2\/posts\/2736\/revisions\/2738"}],"wp:featuredmedia":[{"embeddable":true,"href":"https:\/\/cejc-madrid.org\/index.php\/wp-json\/wp\/v2\/media\/2737"}],"wp:attachment":[{"href":"https:\/\/cejc-madrid.org\/index.php\/wp-json\/wp\/v2\/media?parent=2736"}],"wp:term":[{"taxonomy":"category","embeddable":true,"href":"https:\/\/cejc-madrid.org\/index.php\/wp-json\/wp\/v2\/categories?post=2736"},{"taxonomy":"post_tag","embeddable":true,"href":"https:\/\/cejc-madrid.org\/index.php\/wp-json\/wp\/v2\/tags?post=2736"}],"curies":[{"name":"wp","href":"https:\/\/api.w.org\/{rel}","templated":true}]}}