{"id":2739,"date":"2025-11-06T10:57:31","date_gmt":"2025-11-06T10:57:31","guid":{"rendered":"https:\/\/cejc-madrid.org\/?p=2739"},"modified":"2025-11-06T10:58:07","modified_gmt":"2025-11-06T10:58:07","slug":"2739","status":"publish","type":"post","link":"https:\/\/cejc-madrid.org\/index.php\/2025\/11\/06\/2739\/","title":{"rendered":"Conmemoraci\u00f3n de la \u00abNoche de los cristales rotos\u00bb"},"content":{"rendered":"<p style=\"background: white;\"><span style=\"font-family: 'Source Sans Pro'; color: black;\">Conmemoraci\u00f3n de la \u00abNoche de los cristales rotos\u00bb<\/span><\/p>\n<p style=\"background: white;\"><span style=\"font-family: 'Source Sans Pro'; color: black;\">En la noche del 9 al 10 de noviembre de 1938, la comunidad jud\u00eda en Alemania fue atacada por una ola de violencia organizada por el r\u00e9gimen nazi. Sinagogas incendiadas, comercios destruidos, hogares profanados y miles de personas detenidas marcaron el comienzo de una persecuci\u00f3n sistem\u00e1tica que culminar\u00eda en la Sho\u00e1. Este tr\u00e1gico hecho fue conocido como la <b>\u201cNoche de los Cristales Rotos\u201d.<\/b><\/span><\/p>\n<p style=\"background: white;\"><span style=\"font-family: 'Source Sans Pro'; color: black;\">Ochenta y siete a\u00f1os despu\u00e9s, seguimos recordando. Porque la memoria no solo honra a las v\u00edctimas, sino que nos convoca a defender, cada d\u00eda, los valores de respeto, libertad y convivencia.<\/span><\/p>\n","protected":false},"excerpt":{"rendered":"<p>Conmemoraci\u00f3n de la \u00abNoche de los cristales rotos\u00bb En la noche del 9 al 10 de noviembre de 1938, la comunidad jud\u00eda en Alemania fue atacada por una ola de violencia organizada por el r\u00e9gimen nazi. Sinagogas incendiadas, comercios destruidos, hogares profanados y miles de personas detenidas marcaron el comienzo de una persecuci\u00f3n sistem\u00e1tica que [&hellip;]<\/p>\n","protected":false},"author":2,"featured_media":2740,"comment_status":"closed","ping_status":"closed","sticky":false,"template":"","format":"standard","meta":{"_et_pb_use_builder":"","_et_pb_old_content":"","_et_gb_content_width":"","footnotes":""},"categories":[33],"tags":[],"class_list":["post-2739","post","type-post","status-publish","format-standard","has-post-thumbnail","hentry","category-news"],"_links":{"self":[{"href":"https:\/\/cejc-madrid.org\/index.php\/wp-json\/wp\/v2\/posts\/2739","targetHints":{"allow":["GET"]}}],"collection":[{"href":"https:\/\/cejc-madrid.org\/index.php\/wp-json\/wp\/v2\/posts"}],"about":[{"href":"https:\/\/cejc-madrid.org\/index.php\/wp-json\/wp\/v2\/types\/post"}],"author":[{"embeddable":true,"href":"https:\/\/cejc-madrid.org\/index.php\/wp-json\/wp\/v2\/users\/2"}],"replies":[{"embeddable":true,"href":"https:\/\/cejc-madrid.org\/index.php\/wp-json\/wp\/v2\/comments?post=2739"}],"version-history":[{"count":2,"href":"https:\/\/cejc-madrid.org\/index.php\/wp-json\/wp\/v2\/posts\/2739\/revisions"}],"predecessor-version":[{"id":2742,"href":"https:\/\/cejc-madrid.org\/index.php\/wp-json\/wp\/v2\/posts\/2739\/revisions\/2742"}],"wp:featuredmedia":[{"embeddable":true,"href":"https:\/\/cejc-madrid.org\/index.php\/wp-json\/wp\/v2\/media\/2740"}],"wp:attachment":[{"href":"https:\/\/cejc-madrid.org\/index.php\/wp-json\/wp\/v2\/media?parent=2739"}],"wp:term":[{"taxonomy":"category","embeddable":true,"href":"https:\/\/cejc-madrid.org\/index.php\/wp-json\/wp\/v2\/categories?post=2739"},{"taxonomy":"post_tag","embeddable":true,"href":"https:\/\/cejc-madrid.org\/index.php\/wp-json\/wp\/v2\/tags?post=2739"}],"curies":[{"name":"wp","href":"https:\/\/api.w.org\/{rel}","templated":true}]}}