{"id":2749,"date":"2025-11-21T12:41:14","date_gmt":"2025-11-21T12:41:14","guid":{"rendered":"https:\/\/cejc-madrid.org\/?p=2749"},"modified":"2025-11-21T12:42:05","modified_gmt":"2025-11-21T12:42:05","slug":"olivo-no-102","status":"publish","type":"post","link":"https:\/\/cejc-madrid.org\/index.php\/2025\/11\/21\/olivo-no-102\/","title":{"rendered":"OLIVO N\u00ba 102"},"content":{"rendered":"<p>Julio \u2013 Diciembre 2025<\/p>\n<p><strong>M\u00edstica jud\u00eda y C\u00e1bala<\/strong> &#8211; <em>Amparo Alba Cecilia<\/em><\/p>\n<p><strong>Jud\u00edos y cabildos catedralicios en la Castilla medieval: una relaci\u00f3n de mutua conveniencia<\/strong> &#8211; <em>Enrique Cantera Montenegro<\/em><\/p>\n<p><strong>Exilio babil\u00f3nico y comienzo de la di\u00e1spora<\/strong> &#8211; <em>Cayetana H. Johnson<\/em><\/p>\n<p><strong>Los papas de la Inquisici\u00f3n<\/strong> &#8211; <em>Mois\u00e9s Orfali<\/em><\/p>\n<p><strong>Antijuda\u00edsmo y persecuci\u00f3n bajo Ant\u00edoco Ep\u00edfanes: entre religi\u00f3n, poder e identidad<\/strong> &#8211; <em>David Villar Vegas<\/em><\/p>\n<p><strong>Los jud\u00edos en Europa central y oriental en el periodo de entreguerras (1918-1939). Antisemitismo, legislaci\u00f3n antijud\u00eda y refugiados<\/strong> &#8211; <em>Jacobo Israel Garz\u00f3n<\/em><\/p>\n<p><strong>Cr\u00edtica bibliogr\u00e1fica<\/strong><\/p>\n","protected":false},"excerpt":{"rendered":"<p>Julio \u2013 Diciembre 2025 M\u00edstica jud\u00eda y C\u00e1bala &#8211; Amparo Alba Cecilia Jud\u00edos y cabildos catedralicios en la Castilla medieval: una relaci\u00f3n de mutua conveniencia &#8211; Enrique Cantera Montenegro Exilio babil\u00f3nico y comienzo de la di\u00e1spora &#8211; Cayetana H. Johnson Los papas de la Inquisici\u00f3n &#8211; Mois\u00e9s Orfali Antijuda\u00edsmo y persecuci\u00f3n bajo Ant\u00edoco Ep\u00edfanes: entre [&hellip;]<\/p>\n","protected":false},"author":2,"featured_media":0,"comment_status":"closed","ping_status":"closed","sticky":false,"template":"","format":"standard","meta":{"_et_pb_use_builder":"","_et_pb_old_content":"","_et_gb_content_width":"","footnotes":""},"categories":[25],"tags":[],"class_list":["post-2749","post","type-post","status-publish","format-standard","hentry","category-revista-qel-olivoq"],"_links":{"self":[{"href":"https:\/\/cejc-madrid.org\/index.php\/wp-json\/wp\/v2\/posts\/2749","targetHints":{"allow":["GET"]}}],"collection":[{"href":"https:\/\/cejc-madrid.org\/index.php\/wp-json\/wp\/v2\/posts"}],"about":[{"href":"https:\/\/cejc-madrid.org\/index.php\/wp-json\/wp\/v2\/types\/post"}],"author":[{"embeddable":true,"href":"https:\/\/cejc-madrid.org\/index.php\/wp-json\/wp\/v2\/users\/2"}],"replies":[{"embeddable":true,"href":"https:\/\/cejc-madrid.org\/index.php\/wp-json\/wp\/v2\/comments?post=2749"}],"version-history":[{"count":1,"href":"https:\/\/cejc-madrid.org\/index.php\/wp-json\/wp\/v2\/posts\/2749\/revisions"}],"predecessor-version":[{"id":2750,"href":"https:\/\/cejc-madrid.org\/index.php\/wp-json\/wp\/v2\/posts\/2749\/revisions\/2750"}],"wp:attachment":[{"href":"https:\/\/cejc-madrid.org\/index.php\/wp-json\/wp\/v2\/media?parent=2749"}],"wp:term":[{"taxonomy":"category","embeddable":true,"href":"https:\/\/cejc-madrid.org\/index.php\/wp-json\/wp\/v2\/categories?post=2749"},{"taxonomy":"post_tag","embeddable":true,"href":"https:\/\/cejc-madrid.org\/index.php\/wp-json\/wp\/v2\/tags?post=2749"}],"curies":[{"name":"wp","href":"https:\/\/api.w.org\/{rel}","templated":true}]}}