{"id":2756,"date":"2025-11-24T10:35:30","date_gmt":"2025-11-24T10:35:30","guid":{"rendered":"https:\/\/cejc-madrid.org\/?p=2756"},"modified":"2025-11-24T10:35:30","modified_gmt":"2025-11-24T10:35:30","slug":"catequesis-del-papa-leon-xiv-con-motivo-del-60o-aniversario-de-nostra-aetate","status":"publish","type":"post","link":"https:\/\/cejc-madrid.org\/index.php\/2025\/11\/24\/catequesis-del-papa-leon-xiv-con-motivo-del-60o-aniversario-de-nostra-aetate\/","title":{"rendered":"Catequesis del Papa Le\u00f3n XIV con motivo del 60\u00ba aniversario de Nostra Aetate"},"content":{"rendered":"<div class=\"abstract text parbase vaticanrichtext\">\n<p><i><span class=\"title-1-color\"><b>AUDIENCIA GENERAL<\/b><\/span><\/i><\/p>\n<p><i><span class=\"color-text\">Plaza de San Pedro<br \/>\nMi\u00e9rcoles, 29 de octubre de 2025<\/span><\/i><\/p>\n<p>___________________________________<\/p>\n<div class=\"clearfix\"><\/div>\n<\/div>\n<div class=\"text parbase vaticanrichtext\">\n<p><b>Catequesis con motivo del 60.\u00ba aniversario de la Declaraci\u00f3n conciliar\u00a0<i><a href=\"https:\/\/www.vatican.va\/archive\/hist_councils\/ii_vatican_council\/documents\/vat-ii_decl_19651028_nostra-aetate_sp.html\">Nostra aetate<\/a><\/i><\/b><\/p>\n<p><i>\u00a1Queridos hermanos y hermanas, peregrinos en la fe y representantes de las diversas tradiciones religiosas! \u00a1Buenos d\u00edas, bienvenidos!<\/i><\/p>\n<p>En el centro de la reflexi\u00f3n de hoy, en esta Audiencia general dedicada al di\u00e1logo interreligioso, deseo colocar las palabras del Se\u00f1or Jes\u00fas a la mujer samaritana: \u00ab<i>Dios es esp\u00edritu, y los que lo adoran deben hacerlo en esp\u00edritu y en verdad\u00bb<\/i>\u00a0(<i>Jn<\/i>\u00a04,24). En el Evangelio, este encuentro revela la esencia del aut\u00e9ntico di\u00e1logo religioso: un intercambio que se establece cuando las personas se abren unas a otras con sinceridad, escucha atenta y enriquecimiento mutuo. Es un di\u00e1logo nacido de la sed: la sed de Dios por el coraz\u00f3n humano y la sed humana de Dios. En el pozo de Sicar, Jes\u00fas supera las barreras de la cultura, el g\u00e9nero y la religi\u00f3n. Invita a la mujer samaritana a una nueva comprensi\u00f3n del culto, que no se limita a un lugar concreto \u2014\u00abni en este monte ni en Jerusal\u00e9n\u00bb\u2014, sino que se realiza\u00a0<i>en Esp\u00edritu y en verdad<\/i>. Este momento capta la esencia misma del di\u00e1logo interreligioso: el descubrimiento de la presencia de Dios m\u00e1s all\u00e1 de toda frontera y la invitaci\u00f3n a buscarlo juntos con reverencia y humildad.<\/p>\n<p>Hace sesenta a\u00f1os, el 28 de octubre de 1965, el\u00a0<a href=\"https:\/\/www.vatican.va\/archive\/hist_councils\/ii_vatican_council\/index_sp.htm\">Concilio Vaticano II<\/a>, con la promulgaci\u00f3n de la\u00a0<a href=\"https:\/\/www.vatican.va\/archive\/hist_councils\/ii_vatican_council\/documents\/vat-ii_decl_19651028_nostra-aetate_sp.html\">Declaraci\u00f3n\u00a0<i>Nostra aetate<\/i><\/a>, abri\u00f3 un nuevo horizonte de encuentro, respeto y hospitalidad espiritual. Este luminoso documento nos ense\u00f1a a tratar a los seguidores de otras religiones no como extra\u00f1os, sino como compa\u00f1eros de viaje en el camino hacia la verdad; a honrar las diferencias afirmando nuestra humanidad com\u00fan; y a discernir, en toda b\u00fasqueda religiosa sincera, un reflejo del \u00fanico Misterio divino que abarca toda la creaci\u00f3n.<\/p>\n<p>No hay que olvidar que la primera orientaci\u00f3n de\u00a0<i><a href=\"https:\/\/www.vatican.va\/archive\/hist_councils\/ii_vatican_council\/documents\/vat-ii_decl_19651028_nostra-aetate_sp.html#2\">Nostra aetate<\/a><\/i>\u00a0fue hacia el mundo jud\u00edo, con el que\u00a0<a href=\"https:\/\/www.vatican.va\/content\/john-xxiii\/es.html\">San Juan XXIII<\/a>\u00a0<a name=\"_Hlk212629983\"><\/a>quiso refundar la relaci\u00f3n original. Por primera vez en la historia de la Iglesia, deb\u00eda tomar forma un tratado doctrinal sobre las ra\u00edces jud\u00edas del cristianismo, que representara un punto de no retorno en el plano b\u00edblico y teol\u00f3gico. \u00abEl pueblo del Nuevo Testamento est\u00e1 espiritualmente vinculado con la estirpe de Abraham. La Iglesia de Cristo reconoce, en efecto, que los or\u00edgenes de su fe y de su elecci\u00f3n se encuentran ya, seg\u00fan el misterio divino de la salvaci\u00f3n, en los patriarcas, en Mois\u00e9s y en los profetas\u00bb (<i><a href=\"https:\/\/www.vatican.va\/archive\/hist_councils\/ii_vatican_council\/documents\/vat-ii_decl_19651028_nostra-aetate_sp.html\">NA<\/a><\/i>, 4). As\u00ed, la Iglesia, \u00abconsciente del patrimonio que tiene en com\u00fan con los jud\u00edos, y movida no por motivos pol\u00edticos, sino por la caridad religiosa evang\u00e9lica, deplora los odios, las persecuciones y todas las manifestaciones de antisemitismo de cualquier tiempo y persona contra los jud\u00edos\u00bb (<i><a href=\"https:\/\/www.vatican.va\/archive\/hist_councils\/ii_vatican_council\/documents\/vat-ii_decl_19651028_nostra-aetate_sp.html#2\">ib\u00edd<\/a>.).<\/i>\u00a0Desde entonces, todos mis predecesores han condenado el antisemitismo con palabras claras. Tambi\u00e9n yo confirmo que la Iglesia no tolera el antisemitismo y lo combate, en raz\u00f3n del Evangelio mismo.<\/p>\n<p>Hoy podemos mirar con gratitud todo lo que se ha logrado en el di\u00e1logo judeo-cat\u00f3lico en estas seis d\u00e9cadas. Esto no se debe solo al esfuerzo humano, sino a la asistencia de nuestro Dios que, seg\u00fan la convicci\u00f3n cristiana, es en s\u00ed mismo di\u00e1logo. No podemos negar que en este per\u00edodo tambi\u00e9n ha habido malentendidos, dificultades y conflictos, pero estos nunca han impedido la continuaci\u00f3n del di\u00e1logo. Tampoco hoy debemos permitir que las circunstancias pol\u00edticas y las injusticias de algunos nos alejen de la amistad, sobre todo porque hasta ahora hemos logrado mucho.<\/p>\n<p>El esp\u00edritu de\u00a0<i><a href=\"https:\/\/www.vatican.va\/archive\/hist_councils\/ii_vatican_council\/documents\/vat-ii_decl_19651028_nostra-aetate_sp.html#2\">Nostra aetate<\/a><\/i>\u00a0sigue iluminando el camino de la Iglesia. Esta reconoce que todas las religiones pueden reflejar \u00abun destello de aquella Verdad que ilumina a todos los hombres\u00bb (n. 2) y buscan respuestas a los grandes misterios de la existencia humana, por lo que el di\u00e1logo debe ser no solo intelectual, sino profundamente espiritual. La Declaraci\u00f3n invita a todos los cat\u00f3licos \u2014obispos, clero, personas consagradas y fieles laicos\u2014 a participar sinceramente en el di\u00e1logo y la colaboraci\u00f3n con los seguidores de otras religiones, reconociendo y promoviendo todo lo que es bueno, verdadero y santo en sus tradiciones (cf.\u00a0<i><a href=\"https:\/\/www.vatican.va\/archive\/hist_councils\/ii_vatican_council\/documents\/vat-ii_decl_19651028_nostra-aetate_sp.html\">ib\u00edd.<\/a><\/i>). Esto es necesario hoy en d\u00eda pr\u00e1cticamente en todas las ciudades del mundo donde, debido a la movilidad humana, nuestras diversidades espirituales y de pertenencia est\u00e1n llamadas a encontrarse y a convivir fraternalmente.\u00a0<i><a href=\"https:\/\/www.vatican.va\/archive\/hist_councils\/ii_vatican_council\/documents\/vat-ii_decl_19651028_nostra-aetate_sp.html#2\">Nostra aetate<\/a>\u00a0<\/i>nos recuerda que el verdadero di\u00e1logo tiene sus ra\u00edces en el amor, \u00fanico fundamento de la paz, la justicia y la reconciliaci\u00f3n, al tiempo que rechaza con firmeza toda forma de discriminaci\u00f3n o persecuci\u00f3n, afirmando la igual dignidad de todo ser humano (cf.\u00a0<i>NA<\/i>, 5).<\/p>\n<p>Por lo tanto, queridos hermanos y hermanas, sesenta a\u00f1os despu\u00e9s de\u00a0<i><a href=\"https:\/\/www.vatican.va\/archive\/hist_councils\/ii_vatican_council\/documents\/vat-ii_decl_19651028_nostra-aetate_sp.html#2\">Nostra Aetate<\/a><\/i>, podemos preguntarnos: \u00bfqu\u00e9 podemos hacer juntos? La respuesta es sencilla: actuar juntos. M\u00e1s que nunca, nuestro mundo necesita nuestra unidad, nuestra amistad y nuestra colaboraci\u00f3n. Cada una de nuestras religiones puede contribuir a aliviar el sufrimiento humano y a cuidar de nuestra casa com\u00fan, nuestro planeta Tierra. Nuestras respectivas tradiciones ense\u00f1an la verdad, la compasi\u00f3n, la reconciliaci\u00f3n, la justicia y la paz. Deben reafirmar el servicio a la humanidad, en todo momento. Juntos, debemos estar atentos al abuso del nombre de Dios, de la religi\u00f3n y del di\u00e1logo mismo, as\u00ed como a los peligros que representan el fundamentalismo religioso y el extremismo. Tambi\u00e9n debemos abordar el desarrollo responsable de la inteligencia artificial, ya que, si se concibe como una alternativa al ser humano, puede violar gravemente su dignidad infinita y neutralizar sus responsabilidades fundamentales. Nuestras tradiciones tienen una inmensa contribuci\u00f3n que aportar a la humanizaci\u00f3n de la tecnolog\u00eda y, por lo tanto, a inspirar su regulaci\u00f3n, en defensa de los derechos humanos fundamentales.<\/p>\n<p>Como todos sabemos, nuestras religiones ense\u00f1an que la paz comienza en el coraz\u00f3n del ser humano. En este sentido, la religi\u00f3n puede desempe\u00f1ar un papel fundamental. Debemos devolver la esperanza a nuestras vidas personales, a nuestras familias, a nuestros barrios, a nuestras escuelas, a nuestros pueblos, a nuestros pa\u00edses y a nuestro mundo. Esta esperanza se basa en nuestras convicciones religiosas, en la convicci\u00f3n de que un mundo nuevo es posible.<\/p>\n<p>Hace sesenta a\u00f1os,\u00a0<i>Nostra aetate<\/i>\u00a0trajo esperanza al mundo que sal\u00eda de la Segunda Guerra Mundial. Hoy estamos llamados a refundar esa esperanza en nuestro mundo devastado por la guerra y en nuestro entorno natural degradado. Colaboremos, porque si estamos unidos todo es posible. Hagamos que nada nos divida. Y con este esp\u00edritu, deseo expresar una vez m\u00e1s mi gratitud por su presencia y su amistad. Transmitamos este esp\u00edritu de amistad y colaboraci\u00f3n tambi\u00e9n a la generaci\u00f3n futura, porque es el verdadero pilar del di\u00e1logo.<\/p>\n<p>Y ahora, deteng\u00e1monos un momento en oraci\u00f3n silenciosa: la oraci\u00f3n tiene el poder de transformar nuestras actitudes, nuestros pensamientos, nuestras palabras y nuestras acciones.<\/p>\n<p><a href=\"https:\/\/cejc-madrid.org\/wp-content\/uploads\/2025\/11\/Audiencia-general-29.10.2025.pdf\">Audiencia general 29.10.2025<\/a><\/p>\n<\/div>\n","protected":false},"excerpt":{"rendered":"<p>AUDIENCIA GENERAL Plaza de San Pedro Mi\u00e9rcoles, 29 de octubre de 2025 ___________________________________ Catequesis con motivo del 60.\u00ba aniversario de la Declaraci\u00f3n conciliar\u00a0Nostra aetate \u00a1Queridos hermanos y hermanas, peregrinos en la fe y representantes de las diversas tradiciones religiosas! \u00a1Buenos d\u00edas, bienvenidos! En el centro de la reflexi\u00f3n de hoy, en esta Audiencia general dedicada [&hellip;]<\/p>\n","protected":false},"author":2,"featured_media":2758,"comment_status":"closed","ping_status":"closed","sticky":false,"template":"","format":"standard","meta":{"_et_pb_use_builder":"","_et_pb_old_content":"","_et_gb_content_width":"","footnotes":""},"categories":[26],"tags":[],"class_list":["post-2756","post","type-post","status-publish","format-standard","has-post-thumbnail","hentry","category-documentos"],"_links":{"self":[{"href":"https:\/\/cejc-madrid.org\/index.php\/wp-json\/wp\/v2\/posts\/2756","targetHints":{"allow":["GET"]}}],"collection":[{"href":"https:\/\/cejc-madrid.org\/index.php\/wp-json\/wp\/v2\/posts"}],"about":[{"href":"https:\/\/cejc-madrid.org\/index.php\/wp-json\/wp\/v2\/types\/post"}],"author":[{"embeddable":true,"href":"https:\/\/cejc-madrid.org\/index.php\/wp-json\/wp\/v2\/users\/2"}],"replies":[{"embeddable":true,"href":"https:\/\/cejc-madrid.org\/index.php\/wp-json\/wp\/v2\/comments?post=2756"}],"version-history":[{"count":1,"href":"https:\/\/cejc-madrid.org\/index.php\/wp-json\/wp\/v2\/posts\/2756\/revisions"}],"predecessor-version":[{"id":2759,"href":"https:\/\/cejc-madrid.org\/index.php\/wp-json\/wp\/v2\/posts\/2756\/revisions\/2759"}],"wp:featuredmedia":[{"embeddable":true,"href":"https:\/\/cejc-madrid.org\/index.php\/wp-json\/wp\/v2\/media\/2758"}],"wp:attachment":[{"href":"https:\/\/cejc-madrid.org\/index.php\/wp-json\/wp\/v2\/media?parent=2756"}],"wp:term":[{"taxonomy":"category","embeddable":true,"href":"https:\/\/cejc-madrid.org\/index.php\/wp-json\/wp\/v2\/categories?post=2756"},{"taxonomy":"post_tag","embeddable":true,"href":"https:\/\/cejc-madrid.org\/index.php\/wp-json\/wp\/v2\/tags?post=2756"}],"curies":[{"name":"wp","href":"https:\/\/api.w.org\/{rel}","templated":true}]}}