{"id":2774,"date":"2026-01-12T09:53:45","date_gmt":"2026-01-12T09:53:45","guid":{"rendered":"https:\/\/cejc-madrid.org\/?p=2774"},"modified":"2026-01-13T11:06:20","modified_gmt":"2026-01-13T11:06:20","slug":"boletin-informativo-enero-2026","status":"publish","type":"post","link":"https:\/\/cejc-madrid.org\/index.php\/2026\/01\/12\/boletin-informativo-enero-2026\/","title":{"rendered":"Bolet\u00edn informativo Enero 2026"},"content":{"rendered":"<p>El Bolet\u00edn informativo de Enero se acerca a los siguientes temas:<\/p>\n<ul>\n<li>15 muertos en un ataque terrorista durante la celebraci\u00f3n de Hanukah en Sidney<\/li>\n<li>Condena del Papa y del Arzobispo de Sidney al atentado de Bondi Beach<\/li>\n<li>La Arquidi\u00f3cesis de Sidney dedica su Navidad a las v\u00edctimas de Bondi Beach<\/li>\n<li>El Papa reitera a Herzog su condena a toda forma de antisemitismo<\/li>\n<li>La primera c\u00f3rnea impresa en 3D devolvi\u00f3 la vista a una mujer en Israel<\/li>\n<li>Muere Eva Schloss, superviviente del campo de Auschwitz<\/li>\n<li>Las im\u00e1genes de drones y el aprendizaje autom\u00e1tico revolucionan el mapeo de sitios arqueol\u00f3gicos<\/li>\n<li>Publicaci\u00f3n del libro \u201c60 a\u00f1os de Nostra Aetate\u201d<\/li>\n<li>Hecho hist\u00f3rico marca un precedente en la comunidad jud\u00eda de Siria<\/li>\n<li>Amnist\u00eda acusa a Ham\u00e1s de cr\u00edmenes contra la humanidad en ataques del 7 de octubre<\/li>\n<li>MCI denuncia ante la Fiscal\u00eda de delitos de odio el \u201cmapa antisemita de Catalu\u00f1a\u201d de la plataforma Barcelonaz<\/li>\n<li>Primera cirug\u00eda rob\u00f3tica de abdomen cerrado del mundo a paciente embarazada<\/li>\n<li>R\u00edo de Janeiro incorpora al calendario oficial el \u201cD\u00eda en Memoria de las v\u00edctimas de la masacre al Pueblo de Israel perpetrado por Hamas\u201d<\/li>\n<li>Tristeza y dolor por el fallecimiento de Baruj Tenembaum Z\u2019L, creador de la Fundaci\u00f3n Raoul Wallenberg<\/li>\n<li>Aleppo: el agente musulm\u00e1n que muri\u00f3 para salvar a los cristianos en A\u00f1o Nuevo<\/li>\n<li>Profanaci\u00f3n en una sinagoga de Givatayim genera alarma en la comunidad jud\u00eda<\/li>\n<li>Ataque terrorista en el norte de Israel deja dos muertos<\/li>\n<li>Una mikve desenterrada bajo la plaza del Muro Occidental muestra evidencias de la destrucci\u00f3n del Templo<\/li>\n<li>Un antiguo colgante con menor\u00e1 desaf\u00eda la prohibici\u00f3n romana a los jud\u00edos en Jerusal\u00e9n<\/li>\n<li>17 misioneros asesinados en 2025<\/li>\n<li>Cient\u00edficos israel\u00edes descubren que el c\u00e1ncer podr\u00eda abrir nuevas v\u00edas para tratar la insuficiencia card\u00edaca<\/li>\n<li>ACN lleva la defensa de la libertad religiosa al Parlamento Europeo en el evento \u201cHuman Dignity\u201d<\/li>\n<li>Fallece el rabino Eliezer Diamond, profesor y autor del Seminario Teol\u00f3gico Jud\u00edo<\/li>\n<\/ul>\n","protected":false},"excerpt":{"rendered":"<p>El Bolet\u00edn informativo de Enero se acerca a los siguientes temas: 15 muertos en un ataque terrorista durante la celebraci\u00f3n de Hanukah en Sidney Condena del Papa y del Arzobispo de Sidney al atentado de Bondi Beach La Arquidi\u00f3cesis de Sidney dedica su Navidad a las v\u00edctimas de Bondi Beach El Papa reitera a Herzog [&hellip;]<\/p>\n","protected":false},"author":2,"featured_media":2778,"comment_status":"closed","ping_status":"closed","sticky":false,"template":"","format":"standard","meta":{"_et_pb_use_builder":"","_et_pb_old_content":"","_et_gb_content_width":"","footnotes":""},"categories":[4],"tags":[],"class_list":["post-2774","post","type-post","status-publish","format-standard","has-post-thumbnail","hentry","category-circular"],"_links":{"self":[{"href":"https:\/\/cejc-madrid.org\/index.php\/wp-json\/wp\/v2\/posts\/2774","targetHints":{"allow":["GET"]}}],"collection":[{"href":"https:\/\/cejc-madrid.org\/index.php\/wp-json\/wp\/v2\/posts"}],"about":[{"href":"https:\/\/cejc-madrid.org\/index.php\/wp-json\/wp\/v2\/types\/post"}],"author":[{"embeddable":true,"href":"https:\/\/cejc-madrid.org\/index.php\/wp-json\/wp\/v2\/users\/2"}],"replies":[{"embeddable":true,"href":"https:\/\/cejc-madrid.org\/index.php\/wp-json\/wp\/v2\/comments?post=2774"}],"version-history":[{"count":1,"href":"https:\/\/cejc-madrid.org\/index.php\/wp-json\/wp\/v2\/posts\/2774\/revisions"}],"predecessor-version":[{"id":2775,"href":"https:\/\/cejc-madrid.org\/index.php\/wp-json\/wp\/v2\/posts\/2774\/revisions\/2775"}],"wp:featuredmedia":[{"embeddable":true,"href":"https:\/\/cejc-madrid.org\/index.php\/wp-json\/wp\/v2\/media\/2778"}],"wp:attachment":[{"href":"https:\/\/cejc-madrid.org\/index.php\/wp-json\/wp\/v2\/media?parent=2774"}],"wp:term":[{"taxonomy":"category","embeddable":true,"href":"https:\/\/cejc-madrid.org\/index.php\/wp-json\/wp\/v2\/categories?post=2774"},{"taxonomy":"post_tag","embeddable":true,"href":"https:\/\/cejc-madrid.org\/index.php\/wp-json\/wp\/v2\/tags?post=2774"}],"curies":[{"name":"wp","href":"https:\/\/api.w.org\/{rel}","templated":true}]}}