{"id":29,"date":"2011-11-04T10:59:00","date_gmt":"2011-11-04T10:59:00","guid":{"rendered":"https:\/\/upbeat-goodall.82-223-35-84.plesk.page\/index.php\/2011\/11\/04\/el-olivo-no-21\/"},"modified":"2011-11-04T10:59:00","modified_gmt":"2011-11-04T10:59:00","slug":"el-olivo-no-21","status":"publish","type":"post","link":"https:\/\/cejc-madrid.org\/index.php\/2011\/11\/04\/el-olivo-no-21\/","title":{"rendered":"El Olivo n\u00ba 21"},"content":{"rendered":"<p align=\"center\"><b>EL OLIVO    n\u00ba 21<\/b><\/p>\n<p align=\"center\">\u00a0<\/p>\n<p align=\"center\">Enero-Junio 1985<\/p>\n<p align=\"center\">\u00a0<\/p>\n<p align=\"center\"><span style=\"text-decoration: underline;\">\u00cdndice<\/span><\/p>\n<p align=\"center\"><span style=\"text-decoration: underline;\"><br \/><\/span><\/p>\n<p align=\"left\"><b>Los Derechos  Humanos y el Antiguo Testamento<\/b><i> &#8211; <\/i>Joan Gonz\u00e1lez y Pastor<b>&nbsp;<\/b><\/p>\n<p align=\"left\"><b>Tradici\u00f3n y  evoluci\u00f3n en el concepto b\u00edblico del hombre&nbsp; <\/b><i><b>&#8211; <\/b><\/i><b>&nbsp;<\/b>Pau Figueras<b>&nbsp;<\/b><\/p>\n<p align=\"left\"><b>Los jud\u00edos  medievales en el Principado de Asturias<\/b><i><b> &#8211; <\/b><\/i>Javier Casta\u00f1o Gonz\u00e1lez<b>&nbsp;<\/b><\/p>\n<p align=\"left\"><b>Observaciones  sobre los incunables hebreos en Espa\u00f1a<\/b><i><b> &#8211; <\/b><\/i>M\u00aa Fuencisla Garc\u00eda Casar<b>&nbsp;<\/b><\/p>\n<p align=\"left\"><b>Fray Luis de  Le\u00f3n y la C\u00e1bala &#8211;<\/b>Carlos de la Rica<b>&nbsp;<\/b><\/p>\n<p align=\"left\"><b>Los  intelectuales espa\u00f1oles y la cuesti\u00f3n jud\u00eda en la Europa de final del siglo  XIX &#8211;<\/b>Isidoro Gonz\u00e1lez Garc\u00eda<b>&nbsp;<\/b><\/p>\n<p align=\"left\"><b>El problema de  la existencia del otro. Con especial referencia a las investigaciones de Edith  Stein acerca de la endopat\u00eda &#8211;<\/b>Miguel Garc\u00eda-Bar\u00f3<b>&nbsp;<\/b><\/p>\n<p align=\"left\">\u00a0<\/p>\n<p align=\"left\"><b>Documentaci\u00f3n<\/b><\/p>\n<p align=\"left\">IX Reuni\u00f3n anual del \u00abComit\u00e9 Internacional de contacto  entre la Iglesia Cat\u00f3lica y el Juda\u00edsmo\u00bb<\/p>\n<p align=\"left\">Declaraci\u00f3n Conciliar sobre las relaciones de la Iglesia con las religiones no cristianas, veinte a\u00f1os despu\u00e9s del Vaticano II. Discurso del Papa a los dirigentes del Comit\u00e9 Jud\u00edo Americano (15 de febrero)<\/p>\n","protected":false},"excerpt":{"rendered":"<p>EL OLIVO n\u00ba 21 \u00a0 Enero-Junio 1985 \u00a0 \u00cdndice Los Derechos Humanos y el Antiguo Testamento &#8211; Joan Gonz\u00e1lez y Pastor&nbsp; Tradici\u00f3n y evoluci\u00f3n en el concepto b\u00edblico del hombre&nbsp; &#8211; &nbsp;Pau Figueras&nbsp; Los jud\u00edos medievales en el Principado de Asturias &#8211; Javier Casta\u00f1o Gonz\u00e1lez&nbsp; Observaciones sobre los incunables hebreos en Espa\u00f1a &#8211; M\u00aa Fuencisla [&hellip;]<\/p>\n","protected":false},"author":1,"featured_media":0,"comment_status":"open","ping_status":"open","sticky":false,"template":"","format":"standard","meta":{"_et_pb_use_builder":"","_et_pb_old_content":"","_et_gb_content_width":"","footnotes":""},"categories":[25],"tags":[],"class_list":["post-29","post","type-post","status-publish","format-standard","hentry","category-revista-qel-olivoq"],"_links":{"self":[{"href":"https:\/\/cejc-madrid.org\/index.php\/wp-json\/wp\/v2\/posts\/29","targetHints":{"allow":["GET"]}}],"collection":[{"href":"https:\/\/cejc-madrid.org\/index.php\/wp-json\/wp\/v2\/posts"}],"about":[{"href":"https:\/\/cejc-madrid.org\/index.php\/wp-json\/wp\/v2\/types\/post"}],"author":[{"embeddable":true,"href":"https:\/\/cejc-madrid.org\/index.php\/wp-json\/wp\/v2\/users\/1"}],"replies":[{"embeddable":true,"href":"https:\/\/cejc-madrid.org\/index.php\/wp-json\/wp\/v2\/comments?post=29"}],"version-history":[{"count":0,"href":"https:\/\/cejc-madrid.org\/index.php\/wp-json\/wp\/v2\/posts\/29\/revisions"}],"wp:attachment":[{"href":"https:\/\/cejc-madrid.org\/index.php\/wp-json\/wp\/v2\/media?parent=29"}],"wp:term":[{"taxonomy":"category","embeddable":true,"href":"https:\/\/cejc-madrid.org\/index.php\/wp-json\/wp\/v2\/categories?post=29"},{"taxonomy":"post_tag","embeddable":true,"href":"https:\/\/cejc-madrid.org\/index.php\/wp-json\/wp\/v2\/tags?post=29"}],"curies":[{"name":"wp","href":"https:\/\/api.w.org\/{rel}","templated":true}]}}