{"id":295,"date":"2015-07-30T07:46:32","date_gmt":"2015-07-30T07:46:32","guid":{"rendered":"https:\/\/upbeat-goodall.82-223-35-84.plesk.page\/index.php\/2015\/07\/30\/una-bendicion-reciproca-el-papa-juan-pablo-ii-y-el-pueblo-judio-2\/"},"modified":"2015-07-30T07:46:32","modified_gmt":"2015-07-30T07:46:32","slug":"una-bendicion-reciproca-el-papa-juan-pablo-ii-y-el-pueblo-judio-2","status":"publish","type":"post","link":"https:\/\/cejc-madrid.org\/index.php\/2015\/07\/30\/una-bendicion-reciproca-el-papa-juan-pablo-ii-y-el-pueblo-judio-2\/","title":{"rendered":"Una bendici\u00f3n rec\u00edproca: El Papa Juan Pablo II y el Pueblo Jud\u00edo"},"content":{"rendered":"<div><span style=\"line-height: 1.5; font-family: arial, helvetica, sans-serif; font-size: 10pt;\"><strong>\u00abUna bendici&oacute;n rec&iacute;proca: El Papa Juan Pablo II y el Pueblo Jud&iacute;o&rdquo;<\/strong>, es el t&iacute;tulo de la exposici&oacute;n multimedia sobre el di&aacute;logo interreligioso y la actitud de apertura de San Juan Pablo II en la relaci&oacute;n entre la Iglesia cat&oacute;lica y el pueblo Jud&iacute;o, que se inaugura hoy en el Vaticano &ndash; Brazo de Carlomagno &ndash; y podr&aacute; ser visitada hasta el 17 de septiembre.<\/span><\/div>\n<div><span style=\"font-family: arial, helvetica, sans-serif; font-size: 10pt;\"><strong><span style=\"line-height: 1.6;\"><img loading=\"lazy\" decoding=\"async\" class=\" alignleft size-full wp-image-294\" src=\"https:\/\/cejc-madrid.org\/wp-content\/uploads\/2015\/07\/ANSA794114_Articolo.jpg\" alt=\"Juan Pablo II y el rabino Toaff\" width=\"298\" height=\"211\" style=\"margin-right: 4px; margin-bottom: 4px; margin-left: 4px; float: left;\" \/>Un regalo para Juan Pablo II<\/span><\/strong><\/span><\/div>\n<div><span style=\"line-height: 1.6; font-family: arial, helvetica, sans-serif; font-size: 10pt;\">La muestra internacional, concebida como un regalo a Juan Pablo II para su 85 cumplea&ntilde;os, se inaugur&oacute; en la Xavier Universidad de Cincinnati (EE.UU.) el 18 de mayo de 2005, apenas un mes despu&eacute;s de la muerte del Pont&iacute;fice. Despu&eacute;s de haber recorrido diversas capitales estadounidenses y a haber sido vista por m&aacute;s de un mill&oacute;n de visitantes, ahora llega a Roma y sus organizadores desean que una de sus etapas europeas fuera Cracovia, la ciudad polaca en la que Karol Wojtyla fue Arzobispo.<\/span><\/div>\n<div><span style=\"font-family: arial, helvetica, sans-serif; font-size: 10pt;\"><strong><span style=\"line-height: 1.6;\">El di&aacute;logo interreligioso<\/span><\/strong><\/span><\/div>\n<div><span style=\"line-height: 1.6; font-family: arial, helvetica, sans-serif; font-size: 10pt;\">&ldquo;Una bendici&oacute;n rec&iacute;proca&rdquo;, describe los pasos del Pont&iacute;fice para mejorar la relaci&oacute;n entre la Iglesia Cat&oacute;lica y el pueblo jud&iacute;o y refleja la actualidad de la declaraci&oacute;n conciliar &ldquo;Nostra Aetate&rdquo;, emanada hace cincuenta a&ntilde;os en la que se expresa el aprecio de la Iglesia Cat&oacute;lica por las otras religiones, y se reafirman los principios de fraternidad universal, de amor y de no discriminaci&oacute;n. Financiada por diversas universidades y privados que creen en el di&aacute;logo interreligioso como fuente de progreso para la humanidad, la exposici&oacute;n narra en cuatro secciones, a trav&eacute;s de fotos, v&iacute;deos, grabaciones y otras fuentes interactivas, las relaciones de Juan Pablo II con los que &eacute;l mismo defini&oacute; durante su hist&oacute;rica visita a la sinagoga de Roma el 13 de abril de 1986 como &ldquo;nuestros hermanos mayores&rdquo;.<\/span><\/div>\n<div><span style=\"font-family: arial, helvetica, sans-serif; font-size: 10pt;\"><strong><span style=\"line-height: 1.6;\">La muestra Internacional<\/span><\/strong><\/span><\/div>\n<div><span style=\"line-height: 1.6; font-family: arial, helvetica, sans-serif; font-size: 10pt;\">La primera secci&oacute;n ilustra los a&ntilde;os juveniles de Karol Wojtyla en su Wadowice natal, la amistad, que dur&oacute; toda la vida, con el joven jud&iacute;o Jerzy Kluger y las relaciones entre cat&oacute;licos y hebreos en Polonia en la d&eacute;cada de 1920-1930. La segunda secci&oacute;n est&aacute; dedicada a los a&ntilde;os universitarios y laborales del Pont&iacute;fice en Cracovia, durante la Segunda Guerra Mundial, no lejano de sus amigos que conocen el terror del holocausto. La tercera describe la vida sacerdotal y episcopal del Papa, el evento del Concilio Vaticano, que marca un cambio de rumbo en la relaci&oacute;n entre jud&iacute;os y cristianos, y la estrecha relaci&oacute;n del Cardenal arzobispo de Cracovia con la comunidad jud&iacute;a de su arquidi&oacute;cesis.<\/span><\/div>\n<div><span style=\"font-family: arial, helvetica, sans-serif; font-size: 10pt;\">La &uacute;ltima secci&oacute;n abarca la figura de Wojtyla como Sucesor de Pedro, su visita a la sinagoga romana y el viaje que efectu&oacute; a Israel en el a&ntilde;o 2000 cuando dej&oacute; en el Muro Occidental de Jerusal&eacute;n una oraci&oacute;n pidiendo el perd&oacute;n divino por el trato que hab&iacute;an recibido en pasado los jud&iacute;os y para reafirmar el recorrido fraternal de los cat&oacute;licos junto al Pueblo de la Alianza.<\/span><\/div>\n","protected":false},"excerpt":{"rendered":"<p>\u00abUna bendici&oacute;n rec&iacute;proca: El Papa Juan Pablo II y el Pueblo Jud&iacute;o&rdquo;, es el t&iacute;tulo de la exposici&oacute;n multimedia sobre el di&aacute;logo interreligioso y la actitud de apertura de San Juan Pablo II en la relaci&oacute;n entre la Iglesia cat&oacute;lica y el pueblo Jud&iacute;o, que se inaugura hoy en el Vaticano &ndash; Brazo de Carlomagno [&hellip;]<\/p>\n","protected":false},"author":1,"featured_media":294,"comment_status":"open","ping_status":"open","sticky":false,"template":"","format":"standard","meta":{"_et_pb_use_builder":"","_et_pb_old_content":"","_et_gb_content_width":"","footnotes":""},"categories":[11],"tags":[],"class_list":["post-295","post","type-post","status-publish","format-standard","has-post-thumbnail","hentry","category-noticias-actualidad"],"_links":{"self":[{"href":"https:\/\/cejc-madrid.org\/index.php\/wp-json\/wp\/v2\/posts\/295","targetHints":{"allow":["GET"]}}],"collection":[{"href":"https:\/\/cejc-madrid.org\/index.php\/wp-json\/wp\/v2\/posts"}],"about":[{"href":"https:\/\/cejc-madrid.org\/index.php\/wp-json\/wp\/v2\/types\/post"}],"author":[{"embeddable":true,"href":"https:\/\/cejc-madrid.org\/index.php\/wp-json\/wp\/v2\/users\/1"}],"replies":[{"embeddable":true,"href":"https:\/\/cejc-madrid.org\/index.php\/wp-json\/wp\/v2\/comments?post=295"}],"version-history":[{"count":0,"href":"https:\/\/cejc-madrid.org\/index.php\/wp-json\/wp\/v2\/posts\/295\/revisions"}],"wp:featuredmedia":[{"embeddable":true,"href":"https:\/\/cejc-madrid.org\/index.php\/wp-json\/wp\/v2\/media\/294"}],"wp:attachment":[{"href":"https:\/\/cejc-madrid.org\/index.php\/wp-json\/wp\/v2\/media?parent=295"}],"wp:term":[{"taxonomy":"category","embeddable":true,"href":"https:\/\/cejc-madrid.org\/index.php\/wp-json\/wp\/v2\/categories?post=295"},{"taxonomy":"post_tag","embeddable":true,"href":"https:\/\/cejc-madrid.org\/index.php\/wp-json\/wp\/v2\/tags?post=295"}],"curies":[{"name":"wp","href":"https:\/\/api.w.org\/{rel}","templated":true}]}}