{"id":298,"date":"2014-09-02T10:14:55","date_gmt":"2014-09-02T10:14:55","guid":{"rendered":"https:\/\/upbeat-goodall.82-223-35-84.plesk.page\/index.php\/2014\/09\/02\/conferencias-curso-2015-2016\/"},"modified":"2024-11-26T12:10:10","modified_gmt":"2024-11-26T12:10:10","slug":"conferencias-curso-2015-2016","status":"publish","type":"post","link":"https:\/\/cejc-madrid.org\/index.php\/2014\/09\/02\/conferencias-curso-2015-2016\/","title":{"rendered":"Ciclo de Conferencias Curso 2015\/2016"},"content":{"rendered":"<p style=\"text-align: center;\"><span style=\"font-size: 18pt;\"><span style=\"color: #333399;\">\u00abLa Shoah y la vida setenta a\u00f1os despu\u00e9s\u00bb<\/span><\/span><\/p>\n<p>\u00a0<a href=\"https:\/\/cejc-madrid.org\/wp-content\/uploads\/2014\/09\/PROGRAMA_curso2015-2016-Definitivo.pdf\">Descargar programa pdf<\/a><\/p>\n<p style=\"text-align: justify;\"><strong>Apertura de Curso<\/strong>:<\/p>\n<p style=\"text-align: justify;\"><span style=\"font-size: 10pt;\"><strong>JUEVES 5<\/strong> noviembre, a las 7,30 de la tarde<br \/>\n<\/span><\/p>\n<p style=\"text-align: justify;\">\n<p style=\"text-align: justify;\"><span style=\"font-size: 10pt;\"><strong><span style=\"font-size: 14pt; font-family: times new roman,times;\">La Shoah una tragedia de la humanidad: una visi\u00f3n general<\/span><\/strong><\/span><\/p>\n<p style=\"text-align: justify;\"><span style=\"font-size: 14pt;\"><strong><span style=\"font-family: times new roman,times;\"><span style=\"color: #0000ff;\">Rabino Moshe Bendahan &#8211;<\/span><\/span><\/strong><span style=\"font-family: times new roman,times;\"><span style=\"color: #0000ff;\">Presidente del Consejo Rab\u00ednico de Espa\u00f1a<\/span><\/span><strong><span style=\"font-family: times new roman,times;\"><span style=\"color: #0000ff;\"><br \/>\n<\/span><\/span><\/strong><\/span><\/p>\n<p style=\"text-align: justify;\">\n<p><span style=\"font-family: times new roman,times; font-size: 12pt;\"><span style=\"color: #800000;\">Lugar: ser\u00e1 anunciado oportunamente<\/span><\/span><\/p>\n<p style=\"text-align: justify;\">\n<p style=\"text-align: justify;\"><strong><span style=\"text-decoration: underline;\"><span style=\"font-family: times new roman,times; font-size: 10pt;\">NOVIEMBRE<\/span><\/span><\/strong><\/p>\n<p style=\"text-align: justify;\"><span style=\"font-size: 10pt;\">Mi\u00e9rcoles 11: <\/span><\/p>\n<p style=\"text-align: justify;\"><strong><span style=\"font-size: 14pt; font-family: times new roman,times;\">Las cat\u00e1strofes sufridas por el pueblo jud\u00edo en la historia<\/span><\/strong><\/p>\n<p style=\"text-align: justify;\"><span style=\"color: #0000ff; font-family: times new roman,times; font-size: 14pt;\"><em>Dr. Luis Vegas Montaner &#8211; <\/em><span style=\"font-size: 12pt;\"><em><span style=\"font-size: 14pt;\">Universidad Complutense<\/span><\/em><br \/>\n<\/span><\/span><\/p>\n<p style=\"text-align: justify;\"><span style=\"font-size: 14pt;\"><span style=\"color: #3366ff;\"><span style=\"font-size: 10pt;\"><span style=\"color: #000000;\">Mi\u00e9rcoles 18:<\/span><\/span><\/span><\/span><\/p>\n<p style=\"text-align: justify;\"><strong style=\"line-height: 1.5;\"><span style=\"font-size: 10pt;\"><span style=\"color: #3366ff;\"><span style=\"color: #000000;\"><span style=\"background-color: #0000ff;\"><span style=\"background-color: #ffffff;\"><span style=\"font-size: 14pt;\"><span style=\"font-family: times new roman,times;\">\u00bfQu\u00e9 significa que la Shoah se llevara a cabo en una sociedad plenamente cristiana?<\/span><\/span><\/span><\/span><\/span><\/span><\/span><\/strong><\/p>\n<p style=\"text-align: justify;\"><em><span style=\"font-size: 10pt;\"><span style=\"color: #3366ff;\"><span style=\"color: #000000;\"><span style=\"background-color: #0000ff;\"><span style=\"background-color: #ffffff;\"><span style=\"font-size: 14pt;\"><span style=\"font-family: times new roman,times;\"><span style=\"font-size: 10pt;\"><span style=\"font-size: 14pt;\"><span style=\"font-family: times new roman,times;\"><span style=\"color: #000000;\"><span style=\"color: #0000ff;\">D.\u00aa Martina Granizo Aranda &#8211; CEJC<\/span><\/span><\/span><\/span><\/span><\/span><\/span><\/span><\/span><\/span><\/span><\/span><\/em><\/p>\n<p style=\"margin-top: 10px; text-align: justify;\"><span style=\"font-size: 14pt;\"><span style=\"color: #3366ff;\"><span style=\"font-size: 10pt;\"><span style=\"color: #000000;\">Mi\u00e9rcoles 15:<\/span><\/span><\/span><\/span><\/p>\n<p style=\"text-align: justify;\"><strong style=\"line-height: 1.5;\"><span style=\"font-size: 10pt;\"><span style=\"color: #3366ff;\"><span style=\"color: #000000;\"><span style=\"background-color: #0000ff;\"><span style=\"background-color: #ffffff;\"><span style=\"font-size: 14pt;\"><span style=\"font-family: 'times new roman', times;\">El dilema de las iglesias cristianas y de los cristianos durante el Holocausto en Hungr\u00eda<\/span><\/span><\/span><\/span><\/span><\/span><\/span><\/strong><\/p>\n<p style=\"margin-bottom: 10px; text-align: justify;\"><em><span style=\"font-size: 10pt;\"><span style=\"color: #3366ff;\"><span style=\"color: #000000;\"><span style=\"background-color: #0000ff;\"><span style=\"background-color: #ffffff;\"><span style=\"font-size: 14pt;\"><span style=\"font-family: 'times new roman', times;\"><span style=\"font-size: 10pt;\"><span style=\"font-size: 14pt;\"><span style=\"color: #0000ff;\">D. Istvan Benyhe \u00a0&#8211; Agregado Cultura y Educaci\u00f3n Embajada de Hungr\u00eda<\/span><\/span><\/span><\/span><\/span><\/span><\/span><\/span><\/span><\/span><\/em><\/p>\n<p style=\"text-align: justify;\"><strong><span style=\"font-size: 10pt; color: #000000;\"><span style=\"background-color: #0000ff;\"><span style=\"background-color: #ffffff;\"><span style=\"font-size: 14pt;\"><span style=\"font-family: times new roman,times;\"><span style=\"font-size: 10pt;\"><span style=\"text-decoration: underline;\">DICIEMBRE<\/span><\/span><\/span><\/span><\/span><\/span><\/span><\/strong><\/p>\n<p style=\"text-align: justify;\"><span style=\"font-size: 10pt;\">Mi\u00e9rcoles 2:<\/span><\/p>\n<p style=\"text-align: justify;\"><span style=\"font-size: 10pt;\"><span style=\"font-size: 14pt;\"><strong><span style=\"font-family: times new roman,times;\">El Estado de Israel y la Shoah<\/span><\/strong><\/span><br \/>\n<\/span><\/p>\n<p style=\"text-align: justify;\"><em><span style=\"color: #0000ff;\"><span style=\"font-size: 14pt;\"><span style=\"font-family: times new roman,times;\">D.\u00aa Hamutal Rogel Fuchs &#8211; Ministro Portavoz Embajda de Israel<br \/>\n<\/span><\/span><\/span><\/em><\/p>\n<p style=\"text-align: justify;\"><span style=\"font-size: 10pt;\">Mi\u00e9rcoles 9:<\/span><\/p>\n<p style=\"text-align: justify;\"><span style=\"font-size: 10pt;\"><strong><span style=\"font-size: 14pt;\"><span style=\"font-family: times new roman,times;\">La posici\u00f3n de Espa\u00f1a durante la Shoah<\/span><\/span><\/strong><\/span><\/p>\n<p style=\"text-align: justify;\"><span style=\"font-size: 10pt;\"><span style=\"font-size: 14pt;\"><span style=\"font-family: times new roman,times;\"><span style=\"color: #0000ff;\"><em>Dr. Jos\u00e9 Antonio Lisbona &#8211; Universidad Complutense<\/em><\/span><\/span><\/span><strong><span style=\"font-size: 14pt;\"><span style=\"font-family: times new roman,times;\"><br \/>\n<\/span><\/span><\/strong><\/span><\/p>\n<p style=\"text-align: justify;\"><span style=\"font-size: 10pt;\">Mi\u00e9rcoles 16:<\/span><\/p>\n<p style=\"text-align: justify;\"><strong><span style=\"font-size: 14pt;\"><span style=\"font-family: times new roman,times;\">Los procesos de N\u00faremberg: el nazismo a juicio<br \/>\n<\/span><\/span><\/strong><\/p>\n<p style=\"text-align: justify;\"><span style=\"color: #0000ff; font-family: times new roman,times;\"><em><span style=\"font-size: 14pt;\">D.\u00aa Marina Lara Rodr\u00edguez &#8211; CEJC<br \/>\n<\/span><\/em><\/span><\/p>\n<p style=\"text-align: justify;\"><strong><span style=\"text-decoration: underline;\"><span style=\"font-size: 10pt;\"><span style=\"font-family: times new roman,times;\">ENERO<\/span><\/span><\/span><\/strong><\/p>\n<p style=\"text-align: justify;\"><span style=\"font-size: 10pt;\">Mi\u00e9rcoles 13:<\/span><\/p>\n<p style=\"text-align: justify;\"><span style=\"font-size: 10pt;\"><strong><span style=\"font-size: 14pt;\"><span style=\"font-family: times new roman,times;\">La Shoah una reflexi\u00f3n \u00e9tica desde la medicina<\/span><\/span><\/strong><\/span><\/p>\n<p style=\"text-align: justify;\"><span style=\"font-size: 10pt;\"><span style=\"font-size: 14pt;\"><span style=\"font-family: times new roman,times;\"><em><span style=\"color: #0000ff;\">Dr. Esteban Gonz\u00e1lez L\u00f3pez &#8211; Universidad Aut\u00f3noma de Madrid<\/span><\/em><\/span><\/span><strong><span style=\"font-size: 14pt;\"><span style=\"font-family: times new roman,times;\"><br \/>\n<\/span><\/span><\/strong><\/span><\/p>\n<p style=\"text-align: justify;\"><span style=\"font-size: 10pt;\">Mi\u00e9rcoles 27:<\/span><\/p>\n<p style=\"text-align: justify;\"><span style=\"font-size: 10pt;\"><strong><span style=\"font-size: 14pt;\"><span style=\"font-family: times new roman,times;\">Huellas de la Shoah en la conciencia Europea actual<br \/>\n<\/span><\/span><\/strong><\/span><\/p>\n<p style=\"text-align: justify;\"><span style=\"font-size: 10pt;\"><span style=\"font-size: 14pt;\"><span style=\"font-family: times new roman,times;\"><span style=\"font-size: 10pt;\"><span style=\"font-size: 14pt;\"><span style=\"font-family: times new roman,times;\"><em><span style=\"color: #0000ff;\">Dr. Florentino Portero &#8211; Universidad Francisco de Vitoria<span style=\"font-size: 10pt;\"><br \/>\n<\/span><\/span><\/em><\/span><\/span><\/span><\/span><\/span><\/span><\/p>\n<p style=\"text-align: justify;\">\n<p>&nbsp;<\/p>\n<p style=\"text-align: justify;\"><strong><span style=\"text-decoration: underline;\"><span style=\"font-size: 10pt;\"><span style=\"font-family: times new roman,times;\">FEBRERO<\/span><\/span><\/span><\/strong><\/p>\n<p style=\"text-align: justify;\"><span style=\"font-size: 10pt;\">Mi\u00e9rcoles 3:<\/span><\/p>\n<p style=\"text-align: justify;\"><span style=\"font-size: 10pt;\"><strong><span style=\"font-size: 14pt;\"><span style=\"font-family: times new roman,times;\">Espa\u00f1a y el Holocausto despu\u00e9s de la II Guerra Mundial<\/span><\/span><\/strong><\/span><\/p>\n<p style=\"text-align: justify;\"><span style=\"font-size: 10pt;\"><span style=\"font-size: 14pt;\"><span style=\"font-family: times new roman,times;\"><em><span style=\"color: #0000ff;\">Dr. Uriel Macias &#8211; Bibli\u00f3grafo de judaica<\/span><\/em><\/span><\/span><\/span><\/p>\n<p style=\"text-align: justify;\"><span style=\"font-size: 10pt;\">Mi\u00e9rcoles 10:<\/span><\/p>\n<p style=\"text-align: justify;\"><span style=\"font-size: 10pt;\"><span style=\"font-size: 14pt;\"><span style=\"font-family: times new roman,times;\"><strong>Las posici\u00f3n oficial de la Iglesia durante la Shoah: el papel de P\u00edo XI y P\u00edo XII<br \/>\n<\/strong><\/span><\/span><\/span><\/p>\n<p style=\"text-align: justify;\"><span style=\"font-size: 10pt;\"><span style=\"font-size: 14pt;\"><span style=\"font-family: times new roman,times;\"><span style=\"color: #0000ff;\"><em>Dr<\/em>. <em>Elio Passeto, nds &#8211; Director Instituto Ratisbonne de Jerusal\u00e9n<br \/>\n<\/em><\/span><\/span><\/span><\/span><\/p>\n<p style=\"text-align: justify;\"><span style=\"font-size: 10pt;\">Mi\u00e9rcoles 17:<\/span><\/p>\n<p style=\"text-align: justify;\"><span style=\"font-size: 10pt;\"><span style=\"font-size: 14pt;\"><span style=\"font-family: times new roman,times;\"><strong>Memoria jud\u00eda en Europa antes y despu\u00e9s de la Shoah<br \/>\n<\/strong><\/span><\/span><\/span><\/p>\n<p style=\"text-align: justify;\"><span style=\"font-size: 10pt;\"><span style=\"font-size: 14pt;\"><span style=\"font-family: times new roman,times;\"><span style=\"color: #0000ff;\"><em>Dr. Manuel Reyes Mate &#8211; CSIC<\/em><\/span><strong><br \/>\n<\/strong><\/span><\/span><\/span><\/p>\n<p style=\"text-align: justify;\"><span style=\"font-size: 10pt;\">Mi\u00e9rcoles 24:<\/span><\/p>\n<p style=\"text-align: justify;\"><span style=\"font-size: 10pt;\"><span style=\"font-size: 14pt;\"><span style=\"font-family: times new roman,times;\"><strong>El mundo \u00e1rabe y la Shoah<br \/>\n<\/strong><\/span><\/span><\/span><\/p>\n<p style=\"text-align: justify;\"><span style=\"font-size: 10pt;\"><span style=\"font-size: 14pt;\"><span style=\"font-family: times new roman,times;\"><em><span style=\"color: #0000ff;\">Dr. Justo Lacunza Balda &#8211; Instituto Pontificio de Estudios \u00c1rabes<br \/>\n<\/span><\/em><\/span><\/span><\/span><\/p>\n<p style=\"text-align: justify;\"><strong><span style=\"text-decoration: underline;\"><span style=\"font-size: 10pt;\"><span style=\"font-family: times new roman,times;\">MARZO<\/span><\/span><\/span><\/strong><\/p>\n<p style=\"text-align: justify;\"><span style=\"font-size: 10pt;\">Mi\u00e9rcoles 2:<\/span><\/p>\n<p style=\"text-align: justify;\"><span style=\"font-size: 10pt;\"><strong><span style=\"font-size: 14pt;\"><span style=\"font-family: times new roman,times;\">La Alemania de la posguerra y el proceso de desnazificaci\u00f3n: sus retos, conflictos y logros<br \/>\n<\/span><\/span><\/strong><\/span><\/p>\n<p style=\"text-align: justify;\"><span style=\"font-size: 10pt;\"><span style=\"font-size: 14pt;\"><span style=\"font-family: times new roman,times;\"><em><span style=\"color: #0000ff;\">Dr. Heinrich Kreft &#8211; Ministro de la Embajada de la Rep\u00fablica Federal de Alemania<\/span><\/em><\/span><\/span><strong><span style=\"font-size: 14pt;\"><span style=\"font-family: times new roman,times;\"><br \/>\n<\/span><\/span><\/strong><\/span><\/p>\n<p style=\"text-align: justify;\"><span style=\"font-size: 10pt;\">Mi\u00e9rcoles 9:<\/span><\/p>\n<p style=\"text-align: justify;\"><span style=\"font-size: 10pt;\"><strong><span style=\"font-size: 14pt;\"><span style=\"font-family: times new roman,times;\">Los discuros de los papas despu\u00e9s de la Shoah<br \/>\n<\/span><\/span><\/strong><\/span><\/p>\n<p style=\"text-align: justify;\"><span style=\"font-size: 10pt;\"><span style=\"font-size: 14pt;\"><span style=\"font-family: times new roman,times;\"><span style=\"color: #0000ff;\"><em><span style=\"font-size: 10pt;\"><span style=\"font-size: 14pt;\"><span style=\"font-family: times new roman,times;\"><span style=\"color: #0000ff;\"><em>Dr. Manuel Gonz\u00e1lez L\u00f3pez-Corps \u00a0&#8211; Universidad San D\u00e1maso<\/em><\/span><\/span><\/span><\/span><br \/>\n<\/em><\/span><\/span><\/span><\/span><\/p>\n<p style=\"text-align: justify;\"><span style=\"font-size: 10pt;\">Mi\u00e9rcoles 16:<\/span><\/p>\n<p style=\"text-align: justify;\"><strong><span style=\"font-size: 10pt;\"><span style=\"font-size: 14pt;\"><span style=\"font-family: times new roman,times;\">\u00bfEs posible pensar, crear y creer despu\u00e9s de la Shoah?<\/span><\/span><\/span><\/strong><\/p>\n<p style=\"text-align: justify;\"><span style=\"font-size: 10pt;\"><span style=\"font-size: 14pt;\"><span style=\"font-family: times new roman,times;\"><span style=\"color: #000000;\"><em><span style=\"color: #0000ff;\">Dr. F. Javier Fern\u00e1ndez Vallina &#8211; Universidad Complutense<\/span><\/em><\/span><\/span><strong><span style=\"font-family: times new roman,times;\"><span style=\"color: #000000;\"><em><br \/>\n<\/em><\/span><\/span><\/strong><\/span><\/span><\/p>\n<p style=\"text-align: justify;\">\n<p style=\"text-align: justify;\"><strong><span style=\"text-decoration: underline;\"><span style=\"font-size: 10pt;\"><span style=\"font-family: times new roman,times;\">ABRIL<\/span><\/span><\/span><\/strong><\/p>\n<p style=\"text-align: justify;\"><span style=\"font-size: 10pt;\">Mi\u00e9rcoles 6:<\/span><\/p>\n<p style=\"text-align: justify;\"><span style=\"font-size: 10pt;\"><span style=\"font-size: 14pt;\"><span style=\"font-family: times new roman,times;\"><strong>\u00bfQu\u00e9 significa ser supervivientes de la Shoah?<br \/>\n<\/strong><\/span><\/span><\/span><\/p>\n<p style=\"text-align: justify;\"><span style=\"font-size: 10pt;\"><span style=\"font-size: 14pt;\"><span style=\"font-family: times new roman,times;\"><em><span style=\"color: #0000ff;\">D.\u00aa Eva Benatar \u00a0&#8211; Comunidad Jud\u00eda de Madrid<\/span><\/em><\/span><\/span><\/span><\/p>\n<p style=\"text-align: justify;\"><em style=\"font-family: 'times new roman', times; font-size: 18.6666660308838px; line-height: 28px; text-align: justify;\"><span style=\"color: #0000ff;\">D.\u00aa Alicia Kaufmann \u00a0 &#8211; Comunidad Jud\u00eda de Madrid<\/span><\/em><\/p>\n<p style=\"text-align: justify;\"><span style=\"font-size: 10pt;\">Mi\u00e9rcoles 13:<\/span><\/p>\n<p><span style=\"font-size: 10pt;\"><span style=\"font-family: times new roman,times; font-size: 14pt;\"><strong>\u00bfQu\u00e9 antropolog\u00eda para Europa despu\u00e9s de la tagedia vivida en el siglo XX?<br \/>\n<\/strong><\/span><\/span><\/p>\n<p style=\"text-align: justify;\"><em><span style=\"color: #0000ff;\"><span style=\"font-size: 14pt;\"><span style=\"font-family: times new roman,times;\"><span style=\"font-size: 10pt;\"><span style=\"font-size: 14pt;\"><span style=\"font-family: times new roman,times;\"><em><span style=\"color: #0000ff;\">Dr. Javier Prades L\u00f3pez &#8211; Universidad San D\u00e1maso<\/span><\/em><\/span><\/span><\/span><br \/>\n<\/span><\/span><\/span><\/em><\/p>\n<p style=\"text-align: justify;\"><span style=\"font-size: 10pt;\">MI\u00e9rcoles 20:<\/span><\/p>\n<p style=\"text-align: justify;\"><span style=\"font-size: 10pt;\"><span style=\"font-family: times new roman,times; font-size: 14pt;\"><strong>La literatura israel\u00ed en torno a la Shoah<\/strong><\/span><\/span><\/p>\n<p style=\"text-align: justify;\"><span style=\"font-size: 10pt;\"><span style=\"font-family: times new roman,times; font-size: 14pt;\"><span style=\"color: #0000ff;\"><em>Dra. Raquel Garc\u00eda Lozano &#8211; Universidad Complutense<br \/>\n<\/em><\/span><\/span><\/span><\/p>\n<p style=\"margin-top: 10px; text-align: justify;\"><span style=\"font-size: 10pt;\">MI\u00e9rcoles 27:<\/span><\/p>\n<p style=\"text-align: justify;\"><span style=\"font-size: 10pt;\"><span style=\"font-family: 'times new roman', times; font-size: 14pt;\"><strong>Indiferencia-rebeli\u00f3n-perpetradores silenciosos<\/strong><\/span><\/span><\/p>\n<p style=\"text-align: justify;\"><span style=\"font-size: 10pt;\"><span style=\"font-family: 'times new roman', times; font-size: 14pt;\"><span style=\"color: #0000ff;\"><em>Dr. Arno Gimber &#8211; Universidad Complutense<\/em><\/span><\/span><\/span><\/p>\n<p style=\"text-align: justify;\"><span style=\"font-size: 10pt;\"><span style=\"font-family: times new roman,times; font-size: 14pt;\"><span style=\"color: #0000ff;\"><strong><span style=\"text-decoration: underline;\"><span style=\"color: #000000;\"><span style=\"font-size: 10pt;\">MAYO<\/span><\/span><\/span><\/strong><em><br \/>\n<\/em><\/span><\/span><\/span><\/p>\n<p style=\"text-align: justify;\"><span style=\"font-size: 10pt;\">Mi\u00e9rcoles 4:<\/span><\/p>\n<p style=\"text-align: justify;\"><span style=\"font-size: 10pt;\"><strong><span style=\"font-size: 14pt;\"><span style=\"font-family: times new roman,times;\">\u00bfEs posible el perd\u00f3n?<\/span><\/span><\/strong><\/span><\/p>\n<p style=\"text-align: justify;\"><span style=\"font-size: 10pt;\"><span style=\"font-size: 14pt;\"><span style=\"font-family: times new roman,times;\"><span style=\"color: #0000ff;\"><em>D.\u00aa Ver\u00f3nica Nehama &#8211; \u00a0Colegio Ibn Gabirol<\/em><\/span><\/span><\/span><strong><span style=\"font-size: 14pt;\"><span style=\"font-family: times new roman,times;\"><br \/>\n<\/span><\/span><\/strong><\/span><\/p>\n<p style=\"text-align: justify;\"><span style=\"font-size: 10pt;\">Mi\u00e9rcoles 11:<\/span><\/p>\n<p style=\"text-align: justify;\"><span style=\"font-size: 10pt;\"><strong><span style=\"font-family: times new roman,times; font-size: 14pt;\"><span style=\"font-size: 10pt;\"><strong><span style=\"font-size: 14pt;\"><span style=\"font-family: times new roman,times;\">C\u00f3mo educar a una sociedad para que la Humanidad no vuelva a producir una nueva Shoah<\/span><\/span><\/strong><\/span><br \/>\n<\/span><\/strong><\/span><\/p>\n<p style=\"text-align: justify;\"><em style=\"color: #0000ff; font-family: 'times new roman', times; font-size: 14pt; line-height: 1.5;\"><span style=\"font-size: 10pt;\"><span style=\"font-family: times new roman,times; font-size: 14pt;\"><em>Dr. Juan F. Rodr\u00edguez S\u00e1nchez &#8211; Universidad Comillas<\/em><\/span><\/span><\/em><\/p>\n<p style=\"text-align: justify;\"><span style=\"font-size: 10pt;\">Mi\u00e9rcoles 18:<\/span><\/p>\n<p style=\"text-align: justify;\"><span style=\"font-size: 10pt;\"><strong><span style=\"font-size: 14pt;\"><span style=\"font-family: times new roman,times;\">Nuevas manifestaciones de antisemitismo<\/span><\/span><\/strong><\/span><\/p>\n<p style=\"text-align: justify;\"><span style=\"font-size: 10pt;\"><span style=\"font-size: 14pt;\"><span style=\"font-family: times new roman,times;\"><span style=\"color: #0000ff;\"><em>Dr. Elio Passeto, nds &#8211; Director Instituto Ratisbonne de Jerusal\u00e9n<\/em><\/span><\/span><\/span><\/span><\/p>\n<p style=\"text-align: justify;\"><span style=\"font-size: 10pt;\"><strong>Clausura de Curso<\/strong>:<\/span><\/p>\n<p style=\"text-align: justify;\"><span style=\"font-size: 10pt;\">MI\u00c9RCOLES 25 de Mayo, a las 7,30 de la tarde<br \/>\n<\/span><\/p>\n<p style=\"text-align: justify;\"><span style=\"font-size: 10pt;\"><span style=\"font-size: 10pt;\"><strong><span style=\"font-size: 14pt;\"><span style=\"font-family: times new roman,times;\">El pueblo jud\u00edo setenta a\u00f1os despu\u00e9s de la Shoah<\/span><\/span><\/strong><\/span><\/span><\/p>\n<p style=\"text-align: justify;\"><span style=\"color: #0000ff;\"><em><span style=\"font-size: 14pt;\"><span style=\"font-family: times new roman,times;\">Rabino Yerahmiel Barylka &#8211; Sinagoga Ramban &#8211; CJM<\/span><\/span><\/em><\/span><\/p>\n<p style=\"text-align: justify;\"><span style=\"font-size: 14pt;\"><span style=\"font-family: times new roman,times;\"><span style=\"color: #0000ff;\"><em>\u00a0<\/em><\/span><\/span><\/span><\/p>\n<p style=\"text-align: justify;\">\n","protected":false},"excerpt":{"rendered":"<p>\u00abLa Shoah y la vida setenta a\u00f1os despu\u00e9s\u00bb \u00a0Descargar programa pdf Apertura de Curso: JUEVES 5 noviembre, a las 7,30 de la tarde La Shoah una tragedia de la humanidad: una visi\u00f3n general Rabino Moshe Bendahan &#8211;Presidente del Consejo Rab\u00ednico de Espa\u00f1a Lugar: ser\u00e1 anunciado oportunamente NOVIEMBRE Mi\u00e9rcoles 11: Las cat\u00e1strofes sufridas por el pueblo [&hellip;]<\/p>\n","protected":false},"author":1,"featured_media":2512,"comment_status":"open","ping_status":"open","sticky":true,"template":"","format":"standard","meta":{"_et_pb_use_builder":"","_et_pb_old_content":"","_et_gb_content_width":"","footnotes":""},"categories":[239],"tags":[],"class_list":["post-298","post","type-post","status-publish","format-standard","has-post-thumbnail","hentry","category-conferencias"],"_links":{"self":[{"href":"https:\/\/cejc-madrid.org\/index.php\/wp-json\/wp\/v2\/posts\/298","targetHints":{"allow":["GET"]}}],"collection":[{"href":"https:\/\/cejc-madrid.org\/index.php\/wp-json\/wp\/v2\/posts"}],"about":[{"href":"https:\/\/cejc-madrid.org\/index.php\/wp-json\/wp\/v2\/types\/post"}],"author":[{"embeddable":true,"href":"https:\/\/cejc-madrid.org\/index.php\/wp-json\/wp\/v2\/users\/1"}],"replies":[{"embeddable":true,"href":"https:\/\/cejc-madrid.org\/index.php\/wp-json\/wp\/v2\/comments?post=298"}],"version-history":[{"count":3,"href":"https:\/\/cejc-madrid.org\/index.php\/wp-json\/wp\/v2\/posts\/298\/revisions"}],"predecessor-version":[{"id":2513,"href":"https:\/\/cejc-madrid.org\/index.php\/wp-json\/wp\/v2\/posts\/298\/revisions\/2513"}],"wp:featuredmedia":[{"embeddable":true,"href":"https:\/\/cejc-madrid.org\/index.php\/wp-json\/wp\/v2\/media\/2512"}],"wp:attachment":[{"href":"https:\/\/cejc-madrid.org\/index.php\/wp-json\/wp\/v2\/media?parent=298"}],"wp:term":[{"taxonomy":"category","embeddable":true,"href":"https:\/\/cejc-madrid.org\/index.php\/wp-json\/wp\/v2\/categories?post=298"},{"taxonomy":"post_tag","embeddable":true,"href":"https:\/\/cejc-madrid.org\/index.php\/wp-json\/wp\/v2\/tags?post=298"}],"curies":[{"name":"wp","href":"https:\/\/api.w.org\/{rel}","templated":true}]}}