{"id":30,"date":"2011-11-04T11:04:18","date_gmt":"2011-11-04T11:04:18","guid":{"rendered":"https:\/\/upbeat-goodall.82-223-35-84.plesk.page\/index.php\/2011\/11\/04\/el-olivo-no-22\/"},"modified":"2011-11-04T11:04:18","modified_gmt":"2011-11-04T11:04:18","slug":"el-olivo-no-22","status":"publish","type":"post","link":"https:\/\/cejc-madrid.org\/index.php\/2011\/11\/04\/el-olivo-no-22\/","title":{"rendered":"El Olivo n\u00ba 22"},"content":{"rendered":"<p align=\"center\"><b>EL OLIVO    n\u00ba 22<\/b><\/p>\n<p align=\"center\">\u00a0<\/p>\n<p align=\"center\">Julio-Diciembre 1985<\/p>\n<p align=\"center\">\u00a0<\/p>\n<p align=\"center\"><span style=\"text-decoration: underline;\">\u00cdndice<\/span><\/p>\n<p align=\"center\"><span style=\"text-decoration: underline;\"><br \/><\/span><\/p>\n<p><b>Datos para la  historia de los samaritanos y los or\u00edgenes de su Pentateuco &#8211; <\/b>Luis F. Gir\u00f3n Blanc<\/p>\n<p align=\"left\"><b>Santo Tom\u00e1s de  Aquino a la escucha de Maim\u00f3nides &#8211;<\/b>Sor Esperanza Mary<b>&nbsp;<\/b><\/p>\n<p align=\"left\"><b>Meshulam ben  Shelom\u00f3 de Piera y la controversia maimonista en Catalu\u00f1a<\/b><i><b> &#8211; <\/b><\/i>Josep Ribera Florit<b>&nbsp;<\/b><\/p>\n<p align=\"left\"><b>Adiciones  manuscritas a una par\u00e1frasis caldaica &#8211;<\/b>Gutwirth Eleazar<i><b>&nbsp;<\/b><\/i><\/p>\n<p align=\"left\">\u00a0<\/p>\n<p align=\"left\"><i><b>Documentaci\u00f3n<\/b><\/i><\/p>\n<p align=\"left\">Notas para una correcta presentaci\u00f3n de jud\u00edos y  juda\u00edsmo En la predicaci\u00f3n y la catequesis de la Iglesia Cat\u00f3lica (mayo 1985)  (Tercer Documento de la Comisi\u00f3n vaticana para la relaciones con el  juda\u00edsmo.<\/p>\n","protected":false},"excerpt":{"rendered":"<p>EL OLIVO n\u00ba 22 \u00a0 Julio-Diciembre 1985 \u00a0 \u00cdndice Datos para la historia de los samaritanos y los or\u00edgenes de su Pentateuco &#8211; Luis F. Gir\u00f3n Blanc Santo Tom\u00e1s de Aquino a la escucha de Maim\u00f3nides &#8211;Sor Esperanza Mary&nbsp; Meshulam ben Shelom\u00f3 de Piera y la controversia maimonista en Catalu\u00f1a &#8211; Josep Ribera Florit&nbsp; Adiciones [&hellip;]<\/p>\n","protected":false},"author":1,"featured_media":0,"comment_status":"open","ping_status":"open","sticky":false,"template":"","format":"standard","meta":{"_et_pb_use_builder":"","_et_pb_old_content":"","_et_gb_content_width":"","footnotes":""},"categories":[25],"tags":[],"class_list":["post-30","post","type-post","status-publish","format-standard","hentry","category-revista-qel-olivoq"],"_links":{"self":[{"href":"https:\/\/cejc-madrid.org\/index.php\/wp-json\/wp\/v2\/posts\/30","targetHints":{"allow":["GET"]}}],"collection":[{"href":"https:\/\/cejc-madrid.org\/index.php\/wp-json\/wp\/v2\/posts"}],"about":[{"href":"https:\/\/cejc-madrid.org\/index.php\/wp-json\/wp\/v2\/types\/post"}],"author":[{"embeddable":true,"href":"https:\/\/cejc-madrid.org\/index.php\/wp-json\/wp\/v2\/users\/1"}],"replies":[{"embeddable":true,"href":"https:\/\/cejc-madrid.org\/index.php\/wp-json\/wp\/v2\/comments?post=30"}],"version-history":[{"count":0,"href":"https:\/\/cejc-madrid.org\/index.php\/wp-json\/wp\/v2\/posts\/30\/revisions"}],"wp:attachment":[{"href":"https:\/\/cejc-madrid.org\/index.php\/wp-json\/wp\/v2\/media?parent=30"}],"wp:term":[{"taxonomy":"category","embeddable":true,"href":"https:\/\/cejc-madrid.org\/index.php\/wp-json\/wp\/v2\/categories?post=30"},{"taxonomy":"post_tag","embeddable":true,"href":"https:\/\/cejc-madrid.org\/index.php\/wp-json\/wp\/v2\/tags?post=30"}],"curies":[{"name":"wp","href":"https:\/\/api.w.org\/{rel}","templated":true}]}}