{"id":305,"date":"2011-10-26T16:40:56","date_gmt":"2011-10-26T16:40:56","guid":{"rendered":"https:\/\/upbeat-goodall.82-223-35-84.plesk.page\/index.php\/2011\/10\/26\/benedicto-xvi-audiencia-b-nai-brith-12-mayo-2011\/"},"modified":"2011-10-26T16:40:56","modified_gmt":"2011-10-26T16:40:56","slug":"benedicto-xvi-audiencia-b-nai-brith-12-mayo-2011","status":"publish","type":"post","link":"https:\/\/cejc-madrid.org\/index.php\/2011\/10\/26\/benedicto-xvi-audiencia-b-nai-brith-12-mayo-2011\/","title":{"rendered":"Benedicto XVI &#8211; Audiencia B&#8217;nai Brith &#8211; 12 mayo 2011"},"content":{"rendered":"<p><strong>Audiencia del Papa a una delegaci\u00f3n del B&#8217;nai B&#8217;rith International<\/strong><\/p>\n<p><strong>Organizaci\u00f3n jud\u00eda internacional de acci\u00f3n social<\/strong><\/p>\n<p>CIUDAD DEL VATICANO, jueves 12 de mayo de 2011 (<a href=\"http:\/\/www.zenit.org\/\" target=\"_blank\" rel=\"noopener\">ZENIT.org<\/a>).- Ofrecemos a continuaci\u00f3n el discurso que el Papa Benedicto XVI dirigi\u00f3 hoy a una delegaci\u00f3n de la <i>B<\/i><i>\u2019nai B\u2019rith International, <\/i>asociaci\u00f3n jud\u00eda mundial de acci\u00f3n social, en la Sala de los Papas del Palacio Apost\u00f3lico.<\/p>\n<p>* * * * *<\/p>\n<p>Queridos amigos,<\/p>\n<p>Me es grato saludar a esta delegaci\u00f3n de <i>B\u2019nai B\u2019rith International<\/i>. Recuerdo con agrado mi primer encuentro con una delegaci\u00f3n de vuestra organizaci\u00f3n hace alrededor de cinco a\u00f1os.<\/p>\n<p>En esta ocasi\u00f3n deseo expresar mi aprecio por vuestra implicaci\u00f3n en el di\u00e1logo entre jud\u00edos y cat\u00f3licos y particularmente por vuestra activa participaci\u00f3n en el encuentro del <i>International Catholic-Jewish Liaison Committee<\/i>, celebrado en Par\u00eds a finales de febrero. Este encuentro marc\u00f3 el cuadrag\u00e9simo aniversario del di\u00e1logo, y fue organizado conjuntamente por la Comisi\u00f3n de la Santa Sede para las Relaciones Religiosas con el Juda\u00edsmo y el Comit\u00e9 Jud\u00edo Internacional sobre Consultas Interreligiosas. Lo que ha sucedido en estos cuarenta a\u00f1os debe ser visto como un gran don del Se\u00f1or y como una raz\u00f3n de honda gratitud hacia Aquel que gu\u00eda nuestros pasos con su sabidur\u00eda infinita y eterna.<\/p>\n<p>El encuentro de Par\u00eds afirm\u00f3 el deseo de cat\u00f3licos y jud\u00edos de salir juntos al encuentro de los inmensos desaf\u00edos que afrontan nuestras comunidades en un mundo r\u00e1pidamente cambiante y, de forma significativa, nuestro deber religioso compartido de combatir la pobreza, la injusticia, la discriminaci\u00f3n y la negaci\u00f3n de derechos humanos universales. Hay muchas formas en las que jud\u00edos y cristianos pueden cooperar para mejorar el mundo de acuerdo con la voluntad del Todopoderoso por el bien de la humanidad. Nuestros pensamientos se dirigen inmediatamente a obras concretas de caridad y servicio a los pobres y necesitados; sin embargo una de las cosas m\u00e1s importantes que podemos hacer juntos es la de dar testimonio com\u00fan de nuestra profunda creencia de que todo hombre y toda mujer es creado a la imagen divina (cf.&nbsp;<i>Gen <\/i>1,26-27) y por ello posee una dignidad inviolable. Esta convicci\u00f3n sigue siendo la base m\u00e1s segura de todo esfuerzo por defender y promover los derechos inalienables de cada ser humano.<\/p>\n<p>En una reciente conversaci\u00f3n entre delegaciones del Gran Rabinato de Israel y la Comisi\u00f3n de la Santa Sede para las Relaciones Religiosas con el Juda\u00edsmo, celebrado en Jerusal\u00e9n a finales de marzo, se hizo hincapi\u00e9 en la necesidad de promover una profunda comprensi\u00f3n del papel de la religi\u00f3n en nuestras sociedades actuales como un correctivo hacia una visi\u00f3n de la persona humana y de la coexistencia social puramente horizontal y, en consecuencia, truncada. La vida y la obra de todos los creyentes deber\u00eda ofrecer un testimonio constante de lo trascendente, apuntar a las realidades invisibles que est\u00e1n por encima de nosotros, y encarnar la convicci\u00f3n de que una Providencia amorosa y compasiva gu\u00eda el resultado final de la historia, no importa cu\u00e1n dif\u00edcil y amenazador pueda parecer a veces el viaje durante el camino. A trav\u00e9s del profeta, tenemos esta seguridad: \u201cPorque yo conozco muy bien los planes que tengo proyectados sobre vosotros \u2013or\u00e1culo del Se\u00f1or\u2013: son planes de prosperidad y no de desgracia, para aseguraros un porvenir y una esperanza\u00bb (<i>Jer <\/i>29,11).<\/p>\n<p>Con estos sentimientos invoco sobre vosotros y sobre vuestras familias las bendiciones divinas de la sabidur\u00eda, la misericordia y la paz.<\/p>\n","protected":false},"excerpt":{"rendered":"<p>Audiencia del Papa a una delegaci\u00f3n del B&#8217;nai B&#8217;rith International Organizaci\u00f3n jud\u00eda internacional de acci\u00f3n social CIUDAD DEL VATICANO, jueves 12 de mayo de 2011 (ZENIT.org).- Ofrecemos a continuaci\u00f3n el discurso que el Papa Benedicto XVI dirigi\u00f3 hoy a una delegaci\u00f3n de la B\u2019nai B\u2019rith International, asociaci\u00f3n jud\u00eda mundial de acci\u00f3n social, en la Sala [&hellip;]<\/p>\n","protected":false},"author":1,"featured_media":0,"comment_status":"open","ping_status":"open","sticky":false,"template":"","format":"standard","meta":{"_et_pb_use_builder":"","_et_pb_old_content":"","_et_gb_content_width":"","footnotes":""},"categories":[29],"tags":[],"class_list":["post-305","post","type-post","status-publish","format-standard","hentry","category-benedicto-xvi"],"_links":{"self":[{"href":"https:\/\/cejc-madrid.org\/index.php\/wp-json\/wp\/v2\/posts\/305","targetHints":{"allow":["GET"]}}],"collection":[{"href":"https:\/\/cejc-madrid.org\/index.php\/wp-json\/wp\/v2\/posts"}],"about":[{"href":"https:\/\/cejc-madrid.org\/index.php\/wp-json\/wp\/v2\/types\/post"}],"author":[{"embeddable":true,"href":"https:\/\/cejc-madrid.org\/index.php\/wp-json\/wp\/v2\/users\/1"}],"replies":[{"embeddable":true,"href":"https:\/\/cejc-madrid.org\/index.php\/wp-json\/wp\/v2\/comments?post=305"}],"version-history":[{"count":0,"href":"https:\/\/cejc-madrid.org\/index.php\/wp-json\/wp\/v2\/posts\/305\/revisions"}],"wp:attachment":[{"href":"https:\/\/cejc-madrid.org\/index.php\/wp-json\/wp\/v2\/media?parent=305"}],"wp:term":[{"taxonomy":"category","embeddable":true,"href":"https:\/\/cejc-madrid.org\/index.php\/wp-json\/wp\/v2\/categories?post=305"},{"taxonomy":"post_tag","embeddable":true,"href":"https:\/\/cejc-madrid.org\/index.php\/wp-json\/wp\/v2\/tags?post=305"}],"curies":[{"name":"wp","href":"https:\/\/api.w.org\/{rel}","templated":true}]}}