{"id":306,"date":"2011-11-04T09:16:18","date_gmt":"2011-11-04T09:16:18","guid":{"rendered":"https:\/\/upbeat-goodall.82-223-35-84.plesk.page\/index.php\/2011\/11\/04\/el-olivo-1\/"},"modified":"2011-11-04T09:16:18","modified_gmt":"2011-11-04T09:16:18","slug":"el-olivo-1","status":"publish","type":"post","link":"https:\/\/cejc-madrid.org\/index.php\/2011\/11\/04\/el-olivo-1\/","title":{"rendered":"El Olivo"},"content":{"rendered":"<p align=\"center\">&nbsp;<\/p>\n<p align=\"center\"><img loading=\"lazy\" decoding=\"async\" class=\" alignleft size-full wp-image-11\" style=\"margin-right: 12px; border: 2px solid #ff3366; float: left;\" src=\"https:\/\/cejc-madrid.org\/wp-content\/uploads\/2011\/11\/Olivo-PORTADA.jpg\" alt=\"Olivo-PORTADA\" width=\"146\" height=\"203\" \/><\/p>\n<p align=\"center\"><strong><span style=\"font-size: 10pt;\">Revista EL OLIVO <\/span><\/strong><\/p>\n<p align=\"center\"><em>Documentaci\u00f3n y estudios para el di\u00e1logo entre jud\u00edos y cristianos.<\/em><\/p>\n<p style=\"text-align: justify;\" align=\"center\">Se pueden encontrar estudios hist\u00f3ricos relacionados con la vida de los jud\u00edos en Espa\u00f1a y en los diversos pa\u00edses de la Di\u00e1spora.<\/p>\n<p style=\"text-align: justify;\" align=\"center\">Muchos textos tiene relaci\u00f3n con la cultura sefard\u00ed, los grandes poetas y pensadores espa\u00f1oles. Otros art\u00edculos nos dan a conocer la religi\u00f3n y las fiestas jud\u00edas.<\/p>\n<p style=\"text-align: justify;\" align=\"center\">Todos los autores de estos estudios son especialistas en el tema. Tambi\u00e9n hay investigadores de Israel,<span style=\"font-size: 10pt;\"> <\/span> de Espa\u00f1a y de otros pa\u00edses, que publican trabajos sobre las relaciones entre juda\u00edsmo y cristianismo.<\/p>\n<p style=\"text-align: justify;\" align=\"center\">No faltan los documentos m\u00e1s importantes de la Iglesia sobre las relaciones judeo-cristianas, los documentos publicados por las Conferencias Episcopales de diferentes pa\u00edses y de varias organizaciones nacionales e internacionales.<\/p>\n<p style=\"text-align: justify;\" align=\"center\">&nbsp;<\/p>\n<p style=\"text-align: center;\" align=\"center\">Si la ra\u00edz es santa, tambi\u00e9n la ramas.<br \/>T\u00fa&#8230;&#8230;.<br \/>fuiste injertado<br \/> y llegaste a ser part\u00edcipe con ellas de la ra\u00edz,<br \/> de la savia del olivo&#8230;<br \/> Rom, 11,16s.<\/p>\n<p class=\"hovered\" style=\"text-indent: 6px; margin-left: 0px; margin-right: 3px; text-align: justify;\" align=\"center\">&nbsp;<\/p>\n<p class=\"hovered\" style=\"text-indent: 6px; margin-left: 0px; margin-right: 3px; text-align: justify;\" align=\"center\">&nbsp;<\/p><\/p>\n","protected":false},"excerpt":{"rendered":"<p>&nbsp; Revista EL OLIVO Documentaci\u00f3n y estudios para el di\u00e1logo entre jud\u00edos y cristianos. Se pueden encontrar estudios hist\u00f3ricos relacionados con la vida de los jud\u00edos en Espa\u00f1a y en los diversos pa\u00edses de la Di\u00e1spora. Muchos textos tiene relaci\u00f3n con la cultura sefard\u00ed, los grandes poetas y pensadores espa\u00f1oles. Otros art\u00edculos nos dan a [&hellip;]<\/p>\n","protected":false},"author":1,"featured_media":11,"comment_status":"open","ping_status":"open","sticky":false,"template":"","format":"standard","meta":{"_et_pb_use_builder":"","_et_pb_old_content":"","_et_gb_content_width":"","footnotes":""},"categories":[25],"tags":[48],"class_list":["post-306","post","type-post","status-publish","format-standard","has-post-thumbnail","hentry","category-revista-qel-olivoq","tag-el-olivo"],"_links":{"self":[{"href":"https:\/\/cejc-madrid.org\/index.php\/wp-json\/wp\/v2\/posts\/306","targetHints":{"allow":["GET"]}}],"collection":[{"href":"https:\/\/cejc-madrid.org\/index.php\/wp-json\/wp\/v2\/posts"}],"about":[{"href":"https:\/\/cejc-madrid.org\/index.php\/wp-json\/wp\/v2\/types\/post"}],"author":[{"embeddable":true,"href":"https:\/\/cejc-madrid.org\/index.php\/wp-json\/wp\/v2\/users\/1"}],"replies":[{"embeddable":true,"href":"https:\/\/cejc-madrid.org\/index.php\/wp-json\/wp\/v2\/comments?post=306"}],"version-history":[{"count":0,"href":"https:\/\/cejc-madrid.org\/index.php\/wp-json\/wp\/v2\/posts\/306\/revisions"}],"wp:featuredmedia":[{"embeddable":true,"href":"https:\/\/cejc-madrid.org\/index.php\/wp-json\/wp\/v2\/media\/11"}],"wp:attachment":[{"href":"https:\/\/cejc-madrid.org\/index.php\/wp-json\/wp\/v2\/media?parent=306"}],"wp:term":[{"taxonomy":"category","embeddable":true,"href":"https:\/\/cejc-madrid.org\/index.php\/wp-json\/wp\/v2\/categories?post=306"},{"taxonomy":"post_tag","embeddable":true,"href":"https:\/\/cejc-madrid.org\/index.php\/wp-json\/wp\/v2\/tags?post=306"}],"curies":[{"name":"wp","href":"https:\/\/api.w.org\/{rel}","templated":true}]}}