{"id":307,"date":"2011-11-04T09:57:16","date_gmt":"2011-11-04T09:57:16","guid":{"rendered":"https:\/\/upbeat-goodall.82-223-35-84.plesk.page\/index.php\/2011\/11\/04\/el-olivo-n-1\/"},"modified":"2011-11-04T09:57:16","modified_gmt":"2011-11-04T09:57:16","slug":"el-olivo-n-1","status":"publish","type":"post","link":"https:\/\/cejc-madrid.org\/index.php\/2011\/11\/04\/el-olivo-n-1\/","title":{"rendered":"El Olivo n\u00ba 1"},"content":{"rendered":"<p align=\"center\">EL OLIVO    n\u00ba 1<\/p>\n<p align=\"center\">\u00a0<\/p>\n<p align=\"center\">Enero &#8211; Diciembre 1977<\/p>\n<p align=\"center\">\u00a0<\/p>\n<p align=\"center\"><span style=\"text-decoration: underline;\">\u00cdndice<\/span><\/p>\n<p align=\"center\">\u00a0<\/p>\n<p><strong>Las realaciones judeo-cristianas. Punto de vista de un jud\u00edo &#8211;<\/strong>Baruj Garz\u00f3n<\/p>\n<p><strong>El di\u00e1logo judeo-cristiano en Espa\u00f1a. Datos para una historia &#8211; <\/strong>Vicente Serrano<\/p>\n<p><strong>El Crucificado y los jud\u00edos &#8211; <\/strong>David Flusser<\/p>\n<p><strong>Nes Amim: una aldea cristiana en Israel &#8211; <\/strong>Joah Pilon<\/p>\n<p><strong>Conferencia de \u00abThe International Council of Christian and Jews (ICCJ) &#8211; <\/strong>Vicente Serrano<\/p>\n<p><strong>Cr\u00f3nica de un Seminario Hispano-Israel\u00ed &#8211; <\/strong>Luis Su\u00e1rez Fern\u00e1ndez<\/p>\n<p><strong>Juda\u00edsmo e Islamismo: perspectivas actuales de investigaci\u00f3n &#8211; <\/strong>Luis D\u00edez Merino<\/p>\n<p>\u00a0<\/p>\n<p>Documentaci\u00f3n<\/p>\n<p>El Concilio Vaticano II sobre las relaciones en el Juda\u00edsmo<\/p>\n","protected":false},"excerpt":{"rendered":"<p>EL OLIVO n\u00ba 1 \u00a0 Enero &#8211; Diciembre 1977 \u00a0 \u00cdndice \u00a0 Las realaciones judeo-cristianas. Punto de vista de un jud\u00edo &#8211;Baruj Garz\u00f3n El di\u00e1logo judeo-cristiano en Espa\u00f1a. Datos para una historia &#8211; Vicente Serrano El Crucificado y los jud\u00edos &#8211; David Flusser Nes Amim: una aldea cristiana en Israel &#8211; Joah Pilon Conferencia de [&hellip;]<\/p>\n","protected":false},"author":1,"featured_media":0,"comment_status":"open","ping_status":"open","sticky":false,"template":"","format":"standard","meta":{"_et_pb_use_builder":"","_et_pb_old_content":"","_et_gb_content_width":"","footnotes":""},"categories":[25],"tags":[],"class_list":["post-307","post","type-post","status-publish","format-standard","hentry","category-revista-qel-olivoq"],"_links":{"self":[{"href":"https:\/\/cejc-madrid.org\/index.php\/wp-json\/wp\/v2\/posts\/307","targetHints":{"allow":["GET"]}}],"collection":[{"href":"https:\/\/cejc-madrid.org\/index.php\/wp-json\/wp\/v2\/posts"}],"about":[{"href":"https:\/\/cejc-madrid.org\/index.php\/wp-json\/wp\/v2\/types\/post"}],"author":[{"embeddable":true,"href":"https:\/\/cejc-madrid.org\/index.php\/wp-json\/wp\/v2\/users\/1"}],"replies":[{"embeddable":true,"href":"https:\/\/cejc-madrid.org\/index.php\/wp-json\/wp\/v2\/comments?post=307"}],"version-history":[{"count":0,"href":"https:\/\/cejc-madrid.org\/index.php\/wp-json\/wp\/v2\/posts\/307\/revisions"}],"wp:attachment":[{"href":"https:\/\/cejc-madrid.org\/index.php\/wp-json\/wp\/v2\/media?parent=307"}],"wp:term":[{"taxonomy":"category","embeddable":true,"href":"https:\/\/cejc-madrid.org\/index.php\/wp-json\/wp\/v2\/categories?post=307"},{"taxonomy":"post_tag","embeddable":true,"href":"https:\/\/cejc-madrid.org\/index.php\/wp-json\/wp\/v2\/tags?post=307"}],"curies":[{"name":"wp","href":"https:\/\/api.w.org\/{rel}","templated":true}]}}