{"id":311,"date":"2011-11-04T10:20:43","date_gmt":"2011-11-04T10:20:43","guid":{"rendered":"https:\/\/upbeat-goodall.82-223-35-84.plesk.page\/index.php\/2011\/11\/04\/el-olivo-n-7-8\/"},"modified":"2011-11-04T10:20:43","modified_gmt":"2011-11-04T10:20:43","slug":"el-olivo-n-7-8","status":"publish","type":"post","link":"https:\/\/cejc-madrid.org\/index.php\/2011\/11\/04\/el-olivo-n-7-8\/","title":{"rendered":"El Olivo n\u00ba 7-8"},"content":{"rendered":"<p align=\"center\"><b>EL OLIVO    n\u00ba 7-8<\/b><\/p>\n<p align=\"center\">\u00a0<\/p>\n<p align=\"center\">Julio &#8211; Diciembre  1978<\/p>\n<p align=\"center\">\u00a0<\/p>\n<p align=\"center\"><span style=\"text-decoration: underline;\">\u00cdndice<\/span><\/p>\n<p align=\"center\">\u00a0<\/p>\n<p><strong>Reflexiones sobre la presencia cristiana en Israel &#8211;<\/strong>Pau Figueras<\/p>\n<p><strong>\u00bfTe gusta m\u00e1s el vino nuevo?<\/strong> &#8211; David Flusser<\/p>\n<p><strong>Los jud\u00edos en la predicaci\u00f3n de San Juan Cris\u00f3stomo &#8211; <\/strong>Antonio Gonz\u00e1lez Blanco<\/p>\n<p><strong>La Comunidad Jud\u00eda de \u00c1vila en el medioevo castellano &#8211; <\/strong>M\u00aa A. Mart\u00ednez S\u00e1nchez<\/p>\n<p><strong>Janusz Korczak: In memoriam &#8211; <\/strong>Jaime VandorLo<\/p>\n<p><strong>Los estudios del Juda\u00edsmo en la Ense\u00f1anza Superior espa\u00f1ola &#8211; <\/strong>Francisco Javier Fern\u00e1ndez Vallina<\/p>\n<p>\u00a0<\/p>\n<p>Documentaci\u00f3n<\/p>\n<p>Catequesis y Juda\u00edsmo<\/p>\n","protected":false},"excerpt":{"rendered":"<p>EL OLIVO n\u00ba 7-8 \u00a0 Julio &#8211; Diciembre 1978 \u00a0 \u00cdndice \u00a0 Reflexiones sobre la presencia cristiana en Israel &#8211;Pau Figueras \u00bfTe gusta m\u00e1s el vino nuevo? &#8211; David Flusser Los jud\u00edos en la predicaci\u00f3n de San Juan Cris\u00f3stomo &#8211; Antonio Gonz\u00e1lez Blanco La Comunidad Jud\u00eda de \u00c1vila en el medioevo castellano &#8211; M\u00aa A. [&hellip;]<\/p>\n","protected":false},"author":1,"featured_media":0,"comment_status":"open","ping_status":"open","sticky":false,"template":"","format":"standard","meta":{"_et_pb_use_builder":"","_et_pb_old_content":"","_et_gb_content_width":"","footnotes":""},"categories":[25],"tags":[],"class_list":["post-311","post","type-post","status-publish","format-standard","hentry","category-revista-qel-olivoq"],"_links":{"self":[{"href":"https:\/\/cejc-madrid.org\/index.php\/wp-json\/wp\/v2\/posts\/311","targetHints":{"allow":["GET"]}}],"collection":[{"href":"https:\/\/cejc-madrid.org\/index.php\/wp-json\/wp\/v2\/posts"}],"about":[{"href":"https:\/\/cejc-madrid.org\/index.php\/wp-json\/wp\/v2\/types\/post"}],"author":[{"embeddable":true,"href":"https:\/\/cejc-madrid.org\/index.php\/wp-json\/wp\/v2\/users\/1"}],"replies":[{"embeddable":true,"href":"https:\/\/cejc-madrid.org\/index.php\/wp-json\/wp\/v2\/comments?post=311"}],"version-history":[{"count":0,"href":"https:\/\/cejc-madrid.org\/index.php\/wp-json\/wp\/v2\/posts\/311\/revisions"}],"wp:attachment":[{"href":"https:\/\/cejc-madrid.org\/index.php\/wp-json\/wp\/v2\/media?parent=311"}],"wp:term":[{"taxonomy":"category","embeddable":true,"href":"https:\/\/cejc-madrid.org\/index.php\/wp-json\/wp\/v2\/categories?post=311"},{"taxonomy":"post_tag","embeddable":true,"href":"https:\/\/cejc-madrid.org\/index.php\/wp-json\/wp\/v2\/tags?post=311"}],"curies":[{"name":"wp","href":"https:\/\/api.w.org\/{rel}","templated":true}]}}