{"id":313,"date":"2011-11-04T10:42:37","date_gmt":"2011-11-04T10:42:37","guid":{"rendered":"https:\/\/upbeat-goodall.82-223-35-84.plesk.page\/index.php\/2011\/11\/04\/el-olivo-n-10\/"},"modified":"2011-11-04T10:42:37","modified_gmt":"2011-11-04T10:42:37","slug":"el-olivo-n-10","status":"publish","type":"post","link":"https:\/\/cejc-madrid.org\/index.php\/2011\/11\/04\/el-olivo-n-10\/","title":{"rendered":"El Olivo n\u00ba 10"},"content":{"rendered":"<p align=\"center\"><b>EL OLIVO    n\u00ba 10<\/b><\/p>\n<p align=\"center\">\u00a0<\/p>\n<p align=\"center\">Julio &#8211; Diciembre 1979<\/p>\n<p align=\"center\">\u00a0<\/p>\n<p align=\"center\"><span style=\"text-decoration: underline;\">\u00cdndice<\/span><\/p>\n<p align=\"center\"><span style=\"text-decoration: underline;\"><br \/><\/span><\/p>\n<p>\u00a0<\/p>\n<p><strong>Sobre la influencia rec\u00edproca entre cristianos y jud\u00edos en la Espa\u00f1a medieval &#8211; <\/strong>Sholom\u00f3 Ben Ami<\/p>\n<p><strong>La ascendencia judaica de Fray Luis de Le\u00f3n&nbsp; &#8211; <\/strong>Carlos Carrete Parrondo<\/p>\n<p><strong>Encuentro judeo-cristianos&nbsp; &#8211; <\/strong>Andr\u00e9 Chouraqi<\/p>\n<p><strong>La Biblia y algunos de sus influjos en la configuraci\u00f3n de la cultura occidental &#8211; <\/strong>Alejandro D\u00edez Macho<\/p>\n<p><strong>Influencia de la ex\u00e9gesis jud\u00eda en la interpretaci\u00f3n cristiana de la Biblia &#8211; <\/strong>Marcel Dubois<\/p>\n<p><strong>Castigos corporales a jud\u00edos y judaizantes en la legislaci\u00f3n visig\u00f3tica &#8211; <\/strong>Luis Garc\u00eda Iglesias<\/p>\n<p><strong>Israel, el pueblo jud\u00edo y el mundo contempor\u00e1neo &#8211; <\/strong>Nat\u00e1n Lerner<\/p>\n<p><strong>Israel: una nueva sociedad y un nuevo Estado &#8211; <\/strong>Enrique Mart\u00edn L\u00f3pez<\/p>\n<p><strong>El prototipo mesi\u00e1nico en los cuadros psiqui\u00e1tricos&nbsp; <\/strong>Le\u00f3n Pere<\/p>\n<p><strong>Posici\u00f3n de Espa\u00f1a e Israel en el marco de una pol\u00edtica mediterr\u00e1nea &#8211; <\/strong>Rafael P\u00e9rez Escolar<\/p>\n<p><strong>Actualidad de la ex\u00e9gesis de Don Isaac Abrabanel &#8211; <\/strong>Gregorio Ruiz<\/p>\n<p><strong>La Biblia en la configuraci\u00f3n de la cultura, de la sociedad de la religi\u00f3n &#8211; <\/strong>Vicente Serrano<\/p>\n<p><strong>En torno a la rec\u00edproca influencia entre jud\u00edos y cristianos en Espa\u00f1a &#8211; <\/strong>Luis Su\u00e1rez Fern\u00e1ndez<\/p>\n<p><strong>Maim\u00f3nides y la Geriatr\u00eda &#8211; <\/strong>Andr\u00e9s Su\u00f1er Mora<\/p>\n<p><strong>\u00abExilio\u00bb y \u00abretorno\u00bb en el pensamiento del Antiguo Testamento &#8211; <\/strong>Talmon Shemaryalu<\/p>\n<p><strong>Los caminos de Buberen, la interpretaci\u00f3n de la Biblia &#8211; <\/strong>Talmon Shemaryalu<\/p>\n<p><strong>Prosa y poes\u00eda hebrea moderna en castellano: balance de la labor traductora &#8211; <\/strong>Jaime Vandor<\/p>\n<p>\u00a0<\/p>\n<p>Documentaci\u00f3n<\/p>\n<p>Meditaci\u00f3n sobre el hombre: su grandeza y su miseria. Homil\u00eda del Papa Juan Pablo II en el campo de concentraci\u00f3n de Brzezinka, 7 de junio de 1979.<\/p>\n","protected":false},"excerpt":{"rendered":"<p>EL OLIVO n\u00ba 10 \u00a0 Julio &#8211; Diciembre 1979 \u00a0 \u00cdndice \u00a0 Sobre la influencia rec\u00edproca entre cristianos y jud\u00edos en la Espa\u00f1a medieval &#8211; Sholom\u00f3 Ben Ami La ascendencia judaica de Fray Luis de Le\u00f3n&nbsp; &#8211; Carlos Carrete Parrondo Encuentro judeo-cristianos&nbsp; &#8211; Andr\u00e9 Chouraqi La Biblia y algunos de sus influjos en la configuraci\u00f3n [&hellip;]<\/p>\n","protected":false},"author":1,"featured_media":0,"comment_status":"open","ping_status":"open","sticky":false,"template":"","format":"standard","meta":{"_et_pb_use_builder":"","_et_pb_old_content":"","_et_gb_content_width":"","footnotes":""},"categories":[25],"tags":[],"class_list":["post-313","post","type-post","status-publish","format-standard","hentry","category-revista-qel-olivoq"],"_links":{"self":[{"href":"https:\/\/cejc-madrid.org\/index.php\/wp-json\/wp\/v2\/posts\/313","targetHints":{"allow":["GET"]}}],"collection":[{"href":"https:\/\/cejc-madrid.org\/index.php\/wp-json\/wp\/v2\/posts"}],"about":[{"href":"https:\/\/cejc-madrid.org\/index.php\/wp-json\/wp\/v2\/types\/post"}],"author":[{"embeddable":true,"href":"https:\/\/cejc-madrid.org\/index.php\/wp-json\/wp\/v2\/users\/1"}],"replies":[{"embeddable":true,"href":"https:\/\/cejc-madrid.org\/index.php\/wp-json\/wp\/v2\/comments?post=313"}],"version-history":[{"count":0,"href":"https:\/\/cejc-madrid.org\/index.php\/wp-json\/wp\/v2\/posts\/313\/revisions"}],"wp:attachment":[{"href":"https:\/\/cejc-madrid.org\/index.php\/wp-json\/wp\/v2\/media?parent=313"}],"wp:term":[{"taxonomy":"category","embeddable":true,"href":"https:\/\/cejc-madrid.org\/index.php\/wp-json\/wp\/v2\/categories?post=313"},{"taxonomy":"post_tag","embeddable":true,"href":"https:\/\/cejc-madrid.org\/index.php\/wp-json\/wp\/v2\/tags?post=313"}],"curies":[{"name":"wp","href":"https:\/\/api.w.org\/{rel}","templated":true}]}}