{"id":314,"date":"2011-11-04T10:43:24","date_gmt":"2011-11-04T10:43:24","guid":{"rendered":"https:\/\/upbeat-goodall.82-223-35-84.plesk.page\/index.php\/2011\/11\/04\/el-olivo-n-11\/"},"modified":"2011-11-04T10:43:24","modified_gmt":"2011-11-04T10:43:24","slug":"el-olivo-n-11","status":"publish","type":"post","link":"https:\/\/cejc-madrid.org\/index.php\/2011\/11\/04\/el-olivo-n-11\/","title":{"rendered":"El Olivo n\u00ba 11"},"content":{"rendered":"<p align=\"center\"><b>EL OLIVO    n\u00ba 11<\/b><\/p>\n<p align=\"center\">\u00a0<\/p>\n<p align=\"center\">Enero &#8211; Junio 1980<\/p>\n<p align=\"center\">\u00a0<\/p>\n<p align=\"center\"><span style=\"text-decoration: underline;\">\u00cdndice<\/span><\/p>\n<p align=\"center\"><span style=\"text-decoration: underline;\"><br \/><\/span><\/p>\n<p align=\"center\"><span style=\"text-decoration: underline;\"><br \/><\/span><\/p>\n<p><strong>El encuentro cristiano con el juda\u00edsmo rab\u00ednico &#8211;<\/strong>Pierre Lehnard<\/p>\n<p><strong>El derecho a la tierra &#8211; <\/strong>Vicente Serrano<\/p>\n<p><strong>Los samaritanos, puente entre el juda\u00edsmo y cristianismo &#8211; <\/strong>Luis F. Gir\u00f3n Blanc<\/p>\n<p><strong>Israel frente al imperialismo romano &#8211; <\/strong>Luis Su\u00e1rez Fern\u00e1ndez<\/p>\n<p><strong>Personajes jud\u00edos de algunas novelas espa\u00f1olas de los siglos XIX y XX &#8211; <\/strong>Anita Benaim Lasry<\/p>\n<p><strong>Angel Pulido y Samuel Levy: dos teor\u00edas sobre el judeo-espa\u00f1ol &#8211; <\/strong>Martine Lemoine<\/p>\n<p>\u00a0<\/p>\n<p>Documentaci\u00f3n<\/p>\n<p>Puntos teol\u00f3gicos fundamentales para el di\u00e1logo judeo-cristiano<\/p>\n<p><\/p>\n","protected":false},"excerpt":{"rendered":"<p>EL OLIVO n\u00ba 11 \u00a0 Enero &#8211; Junio 1980 \u00a0 \u00cdndice El encuentro cristiano con el juda\u00edsmo rab\u00ednico &#8211;Pierre Lehnard El derecho a la tierra &#8211; Vicente Serrano Los samaritanos, puente entre el juda\u00edsmo y cristianismo &#8211; Luis F. Gir\u00f3n Blanc Israel frente al imperialismo romano &#8211; Luis Su\u00e1rez Fern\u00e1ndez Personajes jud\u00edos de algunas novelas [&hellip;]<\/p>\n","protected":false},"author":1,"featured_media":0,"comment_status":"open","ping_status":"open","sticky":false,"template":"","format":"standard","meta":{"_et_pb_use_builder":"","_et_pb_old_content":"","_et_gb_content_width":"","footnotes":""},"categories":[25],"tags":[],"class_list":["post-314","post","type-post","status-publish","format-standard","hentry","category-revista-qel-olivoq"],"_links":{"self":[{"href":"https:\/\/cejc-madrid.org\/index.php\/wp-json\/wp\/v2\/posts\/314","targetHints":{"allow":["GET"]}}],"collection":[{"href":"https:\/\/cejc-madrid.org\/index.php\/wp-json\/wp\/v2\/posts"}],"about":[{"href":"https:\/\/cejc-madrid.org\/index.php\/wp-json\/wp\/v2\/types\/post"}],"author":[{"embeddable":true,"href":"https:\/\/cejc-madrid.org\/index.php\/wp-json\/wp\/v2\/users\/1"}],"replies":[{"embeddable":true,"href":"https:\/\/cejc-madrid.org\/index.php\/wp-json\/wp\/v2\/comments?post=314"}],"version-history":[{"count":0,"href":"https:\/\/cejc-madrid.org\/index.php\/wp-json\/wp\/v2\/posts\/314\/revisions"}],"wp:attachment":[{"href":"https:\/\/cejc-madrid.org\/index.php\/wp-json\/wp\/v2\/media?parent=314"}],"wp:term":[{"taxonomy":"category","embeddable":true,"href":"https:\/\/cejc-madrid.org\/index.php\/wp-json\/wp\/v2\/categories?post=314"},{"taxonomy":"post_tag","embeddable":true,"href":"https:\/\/cejc-madrid.org\/index.php\/wp-json\/wp\/v2\/tags?post=314"}],"curies":[{"name":"wp","href":"https:\/\/api.w.org\/{rel}","templated":true}]}}