{"id":315,"date":"2011-11-04T10:44:03","date_gmt":"2011-11-04T10:44:03","guid":{"rendered":"https:\/\/upbeat-goodall.82-223-35-84.plesk.page\/index.php\/2011\/11\/04\/el-olivo-n-12\/"},"modified":"2011-11-04T10:44:03","modified_gmt":"2011-11-04T10:44:03","slug":"el-olivo-n-12","status":"publish","type":"post","link":"https:\/\/cejc-madrid.org\/index.php\/2011\/11\/04\/el-olivo-n-12\/","title":{"rendered":"El Olivo n\u00ba 12"},"content":{"rendered":"<p align=\"center\"><b>EL OLIVO    n\u00ba 12<\/b><\/p>\n<p align=\"center\">\u00a0<\/p>\n<p align=\"center\">Julio &#8211; Diciembre 1980<\/p>\n<p align=\"center\">\u00a0<\/p>\n<p align=\"center\"><span style=\"text-decoration: underline;\">\u00cdndice<\/span><\/p>\n<p>\u00a0<\/p>\n<p>\u00a0<\/p>\n<p><strong>Hillel y Sammay: dos maestros y dos escuelas &#8211; <\/strong>Ionel Mihalovici<\/p>\n<p><strong>Qaddis y Padre nuetro &#8211; <\/strong>Alejandro D\u00edez Macho<\/p>\n<p><strong>Las mitsvot en la vida judaica &#8211; <\/strong>Yael Langella<\/p>\n<p><strong>La medicina y los m\u00e9dicos jud\u00edos en la Corona de Arag\u00f3n (siglo XIV)<\/strong> &#8211; Isabel Mar\u00eda Casas Sanz<\/p>\n<p><strong>Los jud\u00edos en la obra de Dostoievski &#8211; <\/strong>Sor Esperanza Mary<\/p>\n<p><strong>Eric Fromm y la \u00abreligiosidad<\/strong>\u00bb &#8211; Sor Esperanza Mary<\/p>\n<p><\/p>\n","protected":false},"excerpt":{"rendered":"<p>EL OLIVO n\u00ba 12 \u00a0 Julio &#8211; Diciembre 1980 \u00a0 \u00cdndice \u00a0 \u00a0 Hillel y Sammay: dos maestros y dos escuelas &#8211; Ionel Mihalovici Qaddis y Padre nuetro &#8211; Alejandro D\u00edez Macho Las mitsvot en la vida judaica &#8211; Yael Langella La medicina y los m\u00e9dicos jud\u00edos en la Corona de Arag\u00f3n (siglo XIV) &#8211; [&hellip;]<\/p>\n","protected":false},"author":1,"featured_media":0,"comment_status":"open","ping_status":"open","sticky":false,"template":"","format":"standard","meta":{"_et_pb_use_builder":"","_et_pb_old_content":"","_et_gb_content_width":"","footnotes":""},"categories":[25],"tags":[],"class_list":["post-315","post","type-post","status-publish","format-standard","hentry","category-revista-qel-olivoq"],"_links":{"self":[{"href":"https:\/\/cejc-madrid.org\/index.php\/wp-json\/wp\/v2\/posts\/315","targetHints":{"allow":["GET"]}}],"collection":[{"href":"https:\/\/cejc-madrid.org\/index.php\/wp-json\/wp\/v2\/posts"}],"about":[{"href":"https:\/\/cejc-madrid.org\/index.php\/wp-json\/wp\/v2\/types\/post"}],"author":[{"embeddable":true,"href":"https:\/\/cejc-madrid.org\/index.php\/wp-json\/wp\/v2\/users\/1"}],"replies":[{"embeddable":true,"href":"https:\/\/cejc-madrid.org\/index.php\/wp-json\/wp\/v2\/comments?post=315"}],"version-history":[{"count":0,"href":"https:\/\/cejc-madrid.org\/index.php\/wp-json\/wp\/v2\/posts\/315\/revisions"}],"wp:attachment":[{"href":"https:\/\/cejc-madrid.org\/index.php\/wp-json\/wp\/v2\/media?parent=315"}],"wp:term":[{"taxonomy":"category","embeddable":true,"href":"https:\/\/cejc-madrid.org\/index.php\/wp-json\/wp\/v2\/categories?post=315"},{"taxonomy":"post_tag","embeddable":true,"href":"https:\/\/cejc-madrid.org\/index.php\/wp-json\/wp\/v2\/tags?post=315"}],"curies":[{"name":"wp","href":"https:\/\/api.w.org\/{rel}","templated":true}]}}