{"id":321,"date":"2011-11-04T10:57:42","date_gmt":"2011-11-04T10:57:42","guid":{"rendered":"https:\/\/upbeat-goodall.82-223-35-84.plesk.page\/index.php\/2011\/11\/04\/el-olivo-n-19\/"},"modified":"2011-11-04T10:57:42","modified_gmt":"2011-11-04T10:57:42","slug":"el-olivo-n-19","status":"publish","type":"post","link":"https:\/\/cejc-madrid.org\/index.php\/2011\/11\/04\/el-olivo-n-19\/","title":{"rendered":"El Olivo n\u00ba 19"},"content":{"rendered":"<p align=\"center\"><b>EL OLIVO    n\u00ba 19<\/b><\/p>\n<p align=\"center\">\u00a0<\/p>\n<p align=\"center\">Enero-Junio 1984<\/p>\n<p align=\"center\">\u00a0<\/p>\n<p align=\"center\"><span style=\"text-decoration: underline;\">\u00cdndice<\/span><\/p>\n<p align=\"center\"><span style=\"text-decoration: underline;\"><br \/><\/span><\/p>\n<p style=\"text-align: justify;\"><strong>Pecado y  reconciliaci\u00f3n en la teolog\u00eda de San Pablo<\/strong> -Miguel P\u00e9rez  Fern\u00e1ndez<\/p>\n<p style=\"text-align: justify;\" align=\"left\"><strong>Fechas jud\u00edas y  fechas cristiana<\/strong>s &#8211; E. Gutwirth<\/p>\n<p style=\"text-align: justify;\" align=\"left\"><strong>Juan XXIII y los  jud\u00edos<\/strong> &#8211; Sor Esperanza Mary<\/p>\n<p style=\"text-align: justify;\" align=\"left\"><strong>M\u00fasica \u00e1rabe y  canciones sefard\u00edes<\/strong> &#8211; Letizia Arbeteta Mira<\/p>\n<p style=\"text-align: justify;\" align=\"left\"><strong>Dos nuevas  bibliotecas sobre juda\u00edsmo espa\u00f1ol<\/strong> &#8211; Carlos Carrete Parrondo<\/p>\n<p style=\"text-align: justify;\" align=\"center\"><strong>VIII Simposio  Hispano-Israel\u00ed<\/strong> &#8211; Vicente Serrano<\/p>\n<p style=\"text-align: justify;\" align=\"center\"><strong>Un \u00absi\u00bb que  abarca al \u00abno\u00bb: reflexiones sobre la espiritualidad del ecumenismo  judeo-cristiano<\/strong> &#8211; Hans Herman Henrix<\/p>\n<p style=\"text-align: justify;\" align=\"center\">\u00a0<\/p>\n<p style=\"text-align: justify;\" align=\"center\">Documentaci\u00f3n<\/p>\n<p style=\"text-align: justify;\" align=\"center\">Discurso del Santo Padre a dirigentes de la Liga  Antidifamaci\u00f3n \u00abB&#8217;nai B&#8217;rith (22 de marzo de 1984)<\/p>\n","protected":false},"excerpt":{"rendered":"<p>EL OLIVO n\u00ba 19 \u00a0 Enero-Junio 1984 \u00a0 \u00cdndice Pecado y reconciliaci\u00f3n en la teolog\u00eda de San Pablo -Miguel P\u00e9rez Fern\u00e1ndez Fechas jud\u00edas y fechas cristianas &#8211; E. Gutwirth Juan XXIII y los jud\u00edos &#8211; Sor Esperanza Mary M\u00fasica \u00e1rabe y canciones sefard\u00edes &#8211; Letizia Arbeteta Mira Dos nuevas bibliotecas sobre juda\u00edsmo espa\u00f1ol &#8211; Carlos [&hellip;]<\/p>\n","protected":false},"author":1,"featured_media":0,"comment_status":"open","ping_status":"open","sticky":false,"template":"","format":"standard","meta":{"_et_pb_use_builder":"","_et_pb_old_content":"","_et_gb_content_width":"","footnotes":""},"categories":[25],"tags":[],"class_list":["post-321","post","type-post","status-publish","format-standard","hentry","category-revista-qel-olivoq"],"_links":{"self":[{"href":"https:\/\/cejc-madrid.org\/index.php\/wp-json\/wp\/v2\/posts\/321","targetHints":{"allow":["GET"]}}],"collection":[{"href":"https:\/\/cejc-madrid.org\/index.php\/wp-json\/wp\/v2\/posts"}],"about":[{"href":"https:\/\/cejc-madrid.org\/index.php\/wp-json\/wp\/v2\/types\/post"}],"author":[{"embeddable":true,"href":"https:\/\/cejc-madrid.org\/index.php\/wp-json\/wp\/v2\/users\/1"}],"replies":[{"embeddable":true,"href":"https:\/\/cejc-madrid.org\/index.php\/wp-json\/wp\/v2\/comments?post=321"}],"version-history":[{"count":0,"href":"https:\/\/cejc-madrid.org\/index.php\/wp-json\/wp\/v2\/posts\/321\/revisions"}],"wp:attachment":[{"href":"https:\/\/cejc-madrid.org\/index.php\/wp-json\/wp\/v2\/media?parent=321"}],"wp:term":[{"taxonomy":"category","embeddable":true,"href":"https:\/\/cejc-madrid.org\/index.php\/wp-json\/wp\/v2\/categories?post=321"},{"taxonomy":"post_tag","embeddable":true,"href":"https:\/\/cejc-madrid.org\/index.php\/wp-json\/wp\/v2\/tags?post=321"}],"curies":[{"name":"wp","href":"https:\/\/api.w.org\/{rel}","templated":true}]}}