{"id":322,"date":"2011-11-04T10:58:18","date_gmt":"2011-11-04T10:58:18","guid":{"rendered":"https:\/\/upbeat-goodall.82-223-35-84.plesk.page\/index.php\/2011\/11\/04\/el-olivo-n-20\/"},"modified":"2011-11-04T10:58:18","modified_gmt":"2011-11-04T10:58:18","slug":"el-olivo-n-20","status":"publish","type":"post","link":"https:\/\/cejc-madrid.org\/index.php\/2011\/11\/04\/el-olivo-n-20\/","title":{"rendered":"El Olivo n\u00ba 20"},"content":{"rendered":"<p align=\"center\"><b>EL OLIVO    n\u00ba 20<\/b><\/p>\n<p align=\"center\">\u00a0<\/p>\n<p align=\"center\">Enero-Junio 1985<\/p>\n<p align=\"center\">\u00a0<\/p>\n<p align=\"center\"><span style=\"text-decoration: underline;\">\u00cdndice<\/span><\/p>\n<p align=\"left\">\u00a0<\/p>\n<p><b>Un cielo y una  tierra nuevos: creaci\u00f3n y recreaci\u00f3n del hombre nuevo &#8211; <\/b>Gregorio Ruiz<b>&nbsp;<\/b><\/p>\n<p align=\"left\"><b>La eleg\u00eda \u00abAdat  Yesurun\u00bb sobre las persecuciones en Toledo del a\u00f1o 1391<\/b><i> &#8211; <\/i>Rafael Sanz Valdivieso<b>&nbsp;<\/b><\/p>\n<p align=\"left\"><b>Los  judeoconversos de la Baja Extremadura a finales del siglo XV<\/b><i> &#8211;<\/i> M\u00aa del Carmen Sanabria  Sierra<b>&nbsp;<\/b><\/p>\n<p align=\"left\"><b>Edmond Fleg, un  poeta jud\u00edo en busca del Mes\u00edas<\/b><i> &#8211;<\/i> Sor Esperanza Mary<b>&nbsp;<\/b><\/p>\n<p align=\"left\"><b>Retorno al  hombre<i> &#8211;<\/i><\/b> Vicente Serrano<b>&nbsp;<\/b><\/p>\n<p align=\"left\"><b>La imagen del  hombre en los humanismos<\/b><i> &#8211;&nbsp; <\/i>Cruz Mart\u00ednez Esteruelas<b>&nbsp;<\/b><\/p>\n<p align=\"left\"><b>El problema de  la existencia del otro. Con especial referencia a las investigaciones de Edith  Stein acerca de la endopat\u00eda &#8211;<\/b> Miguel Garc\u00eda-Bar\u00f3<\/p>\n<p align=\"left\"><b>Profesor  Alejandro D\u00edez Macho: in memoriam &#8211; <\/b><b>&nbsp;<\/b>Carlos Carrete Parrondo<b>&nbsp;<\/b><\/p>\n<p align=\"left\"><b><br \/><\/b><\/p>\n<p align=\"left\">Documentaci\u00f3n<\/p>\n<p align=\"left\">Palabras del Dr. Victor C. Goldbloom, presidente del  Comit\u00e9 Ejecutivo del International Council Of Christians and Jews (Julio 1984) a  Su Santidad<\/p>\n<p align=\"left\">Palabras de Juan Pablo II al Consejo  Internacional de Jud\u00edos y Cristianos<\/p>\n","protected":false},"excerpt":{"rendered":"<p>EL OLIVO n\u00ba 20 \u00a0 Enero-Junio 1985 \u00a0 \u00cdndice \u00a0 Un cielo y una tierra nuevos: creaci\u00f3n y recreaci\u00f3n del hombre nuevo &#8211; Gregorio Ruiz&nbsp; La eleg\u00eda \u00abAdat Yesurun\u00bb sobre las persecuciones en Toledo del a\u00f1o 1391 &#8211; Rafael Sanz Valdivieso&nbsp; Los judeoconversos de la Baja Extremadura a finales del siglo XV &#8211; M\u00aa del [&hellip;]<\/p>\n","protected":false},"author":1,"featured_media":0,"comment_status":"open","ping_status":"open","sticky":false,"template":"","format":"standard","meta":{"_et_pb_use_builder":"","_et_pb_old_content":"","_et_gb_content_width":"","footnotes":""},"categories":[25],"tags":[],"class_list":["post-322","post","type-post","status-publish","format-standard","hentry","category-revista-qel-olivoq"],"_links":{"self":[{"href":"https:\/\/cejc-madrid.org\/index.php\/wp-json\/wp\/v2\/posts\/322","targetHints":{"allow":["GET"]}}],"collection":[{"href":"https:\/\/cejc-madrid.org\/index.php\/wp-json\/wp\/v2\/posts"}],"about":[{"href":"https:\/\/cejc-madrid.org\/index.php\/wp-json\/wp\/v2\/types\/post"}],"author":[{"embeddable":true,"href":"https:\/\/cejc-madrid.org\/index.php\/wp-json\/wp\/v2\/users\/1"}],"replies":[{"embeddable":true,"href":"https:\/\/cejc-madrid.org\/index.php\/wp-json\/wp\/v2\/comments?post=322"}],"version-history":[{"count":0,"href":"https:\/\/cejc-madrid.org\/index.php\/wp-json\/wp\/v2\/posts\/322\/revisions"}],"wp:attachment":[{"href":"https:\/\/cejc-madrid.org\/index.php\/wp-json\/wp\/v2\/media?parent=322"}],"wp:term":[{"taxonomy":"category","embeddable":true,"href":"https:\/\/cejc-madrid.org\/index.php\/wp-json\/wp\/v2\/categories?post=322"},{"taxonomy":"post_tag","embeddable":true,"href":"https:\/\/cejc-madrid.org\/index.php\/wp-json\/wp\/v2\/tags?post=322"}],"curies":[{"name":"wp","href":"https:\/\/api.w.org\/{rel}","templated":true}]}}