{"id":325,"date":"2011-11-04T11:04:53","date_gmt":"2011-11-04T11:04:53","guid":{"rendered":"https:\/\/upbeat-goodall.82-223-35-84.plesk.page\/index.php\/2011\/11\/04\/el-olivo-n-23\/"},"modified":"2011-11-04T11:04:53","modified_gmt":"2011-11-04T11:04:53","slug":"el-olivo-n-23","status":"publish","type":"post","link":"https:\/\/cejc-madrid.org\/index.php\/2011\/11\/04\/el-olivo-n-23\/","title":{"rendered":"El Olivo n\u00ba 23"},"content":{"rendered":"<p align=\"center\"><b>EL OLIVO    n\u00ba 23<\/b><\/p>\n<p align=\"center\">\u00a0<\/p>\n<p align=\"center\">Enero-Junio 1986<\/p>\n<p align=\"center\">\u00a0<\/p>\n<p align=\"center\"><span style=\"text-decoration: underline;\">\u00cdndice<\/span><\/p>\n<p align=\"left\">\u00a0<\/p>\n<p align=\"left\"><b>Breve  aproximaci\u00f3n a la m\u00edstica jud\u00eda<\/b><i> &#8211; <\/i>Matilde Gini de  Barnat\u00e1n<b>&nbsp;<\/b><\/p>\n<p align=\"left\"><b>Jud\u00edos  zamoranos: Reflexiones en torno a una historiograf\u00eda<\/b><i><b> &#8211; <\/b><\/i>Marciano S\u00e1nchez<b>&nbsp;<\/b><\/p>\n<p align=\"left\"><b>Un dictamen de  don Lope de Barrientos sobre la f\u00f3rmula \u00abex iudaeis\u00bb del Cuarto Concilio de  Toledo<\/b><i><b> &#8211; <\/b><\/i><b>&nbsp;<\/b>Santiago Garc\u00eda-Jal\u00f3n de la  Lama<b>&nbsp;<\/b><\/p>\n<p align=\"left\"><b>Nostra Aetate  veinte a\u00f1os despu\u00e9s &#8211; <\/b>Gerhart M. Reigner<\/p>\n<p align=\"left\"><b>Sobre la  recepci\u00f3n del D.C. \u00abNostra Aetate\u00bb en Espa\u00f1a &#8211;<\/b>Miguel Roca Cabanellas<b>&nbsp;<\/b><\/p>\n<p align=\"left\"><b>La nueva  declaraci\u00f3n del Vaticano y su repercusi\u00f3n entre los jud\u00edos &#8211;<\/b>Samuel Toledano<b>&nbsp;<\/b><\/p>\n<p align=\"left\"><b>Conmemoraci\u00f3n  del XX aniversario del D.C. \u00abNostra Aetate\u00bb &#8211;<\/b>\u00c1ngel Suquia Goicoechea<\/p>\n","protected":false},"excerpt":{"rendered":"<p>EL OLIVO n\u00ba 23 \u00a0 Enero-Junio 1986 \u00a0 \u00cdndice \u00a0 Breve aproximaci\u00f3n a la m\u00edstica jud\u00eda &#8211; Matilde Gini de Barnat\u00e1n&nbsp; Jud\u00edos zamoranos: Reflexiones en torno a una historiograf\u00eda &#8211; Marciano S\u00e1nchez&nbsp; Un dictamen de don Lope de Barrientos sobre la f\u00f3rmula \u00abex iudaeis\u00bb del Cuarto Concilio de Toledo &#8211; &nbsp;Santiago Garc\u00eda-Jal\u00f3n de la Lama&nbsp; [&hellip;]<\/p>\n","protected":false},"author":1,"featured_media":0,"comment_status":"open","ping_status":"open","sticky":false,"template":"","format":"standard","meta":{"_et_pb_use_builder":"","_et_pb_old_content":"","_et_gb_content_width":"","footnotes":""},"categories":[25],"tags":[],"class_list":["post-325","post","type-post","status-publish","format-standard","hentry","category-revista-qel-olivoq"],"_links":{"self":[{"href":"https:\/\/cejc-madrid.org\/index.php\/wp-json\/wp\/v2\/posts\/325","targetHints":{"allow":["GET"]}}],"collection":[{"href":"https:\/\/cejc-madrid.org\/index.php\/wp-json\/wp\/v2\/posts"}],"about":[{"href":"https:\/\/cejc-madrid.org\/index.php\/wp-json\/wp\/v2\/types\/post"}],"author":[{"embeddable":true,"href":"https:\/\/cejc-madrid.org\/index.php\/wp-json\/wp\/v2\/users\/1"}],"replies":[{"embeddable":true,"href":"https:\/\/cejc-madrid.org\/index.php\/wp-json\/wp\/v2\/comments?post=325"}],"version-history":[{"count":0,"href":"https:\/\/cejc-madrid.org\/index.php\/wp-json\/wp\/v2\/posts\/325\/revisions"}],"wp:attachment":[{"href":"https:\/\/cejc-madrid.org\/index.php\/wp-json\/wp\/v2\/media?parent=325"}],"wp:term":[{"taxonomy":"category","embeddable":true,"href":"https:\/\/cejc-madrid.org\/index.php\/wp-json\/wp\/v2\/categories?post=325"},{"taxonomy":"post_tag","embeddable":true,"href":"https:\/\/cejc-madrid.org\/index.php\/wp-json\/wp\/v2\/tags?post=325"}],"curies":[{"name":"wp","href":"https:\/\/api.w.org\/{rel}","templated":true}]}}