{"id":326,"date":"2011-11-04T11:05:31","date_gmt":"2011-11-04T11:05:31","guid":{"rendered":"https:\/\/upbeat-goodall.82-223-35-84.plesk.page\/index.php\/2011\/11\/04\/el-olivo-n-24\/"},"modified":"2011-11-04T11:05:31","modified_gmt":"2011-11-04T11:05:31","slug":"el-olivo-n-24","status":"publish","type":"post","link":"https:\/\/cejc-madrid.org\/index.php\/2011\/11\/04\/el-olivo-n-24\/","title":{"rendered":"El Olivo n\u00ba 24"},"content":{"rendered":"<p align=\"center\"><b>EL OLIVO    n\u00ba 24<\/b><\/p>\n<p align=\"center\">\u00a0<\/p>\n<p align=\"center\">Julio-Diciembre 1986<\/p>\n<p align=\"center\">\u00a0<\/p>\n<p align=\"center\"><span style=\"text-decoration: underline;\">\u00cdndice<\/span><\/p>\n<p align=\"left\">\u00a0<\/p>\n<p align=\"left\"><b>Tres humanismos:  coexistencia \u00e1rabe, jud\u00eda y cristiana<\/b><i> &#8211; <\/i>Luis Su\u00e1rez Fern\u00e1ndez<b>&nbsp;<\/b><\/p>\n<p align=\"left\"><b>Arist\u00f3teles,  Alejandro y la pol\u00e9mica antijudaica en el siglo XIV &#8211; <\/b>Carlos Saiz de la Maza<b>&nbsp;<\/b><\/p>\n<p align=\"left\"><b>Mois\u00e9s  Mendelsohn &#8211;<\/b><i>Sor Esperanza Mary<\/i><b>&nbsp;<\/b><\/p>\n<p align=\"left\"><b>La celebraci\u00f3n  del 800 aniversario de Maim\u00f3nides hace 50 a\u00f1os (1935)<\/b><i> &#8211; <\/i>Isidro Gonz\u00e1lez Garc\u00eda<b> <\/b><\/p>\n<p align=\"left\"><b>Educaci\u00f3n para  tradici\u00f3n y modernidad: la demanda de un mundo plural\u00edstico &#8211; <\/b>Samuel Scolnicov<\/p>\n<p align=\"left\"><b>Consideracines  sobre las \u00abNotas\u00bb vaticanas sobre una correcta presentaci\u00f3n de los jud\u00edos y el  juda\u00edsmo en la predicaci\u00f3n y catequesis de la Iglesia cat\u00f3lica &#8211;<\/b>Michel Remaud<i><b>&nbsp;<\/b><\/i><\/p>\n<p align=\"left\">\u00a0<\/p>\n<p align=\"left\"><i><b>Documentaci\u00f3n<\/b><\/i><\/p>\n<p align=\"left\">Discursos pronunciados por el  profesor Giacomo Saban, Presidente de la Comunidad Jud\u00eda de Roma, y por el  profesor R. Elio Toaff, Gran Rabino de Roma, el 13 de abril de 1986, con motivo  de la hist\u00f3rica visita que Pablo VI realiz\u00f3 a la sinagoga de Roma.<\/p>\n<p align=\"left\">\u00a0<\/p>\n<p align=\"left\">Discurso del Santo Padre en la Sinagoga de Roma<\/p>\n<blockquote><\/blockquote>\n","protected":false},"excerpt":{"rendered":"<p>EL OLIVO n\u00ba 24 \u00a0 Julio-Diciembre 1986 \u00a0 \u00cdndice \u00a0 Tres humanismos: coexistencia \u00e1rabe, jud\u00eda y cristiana &#8211; Luis Su\u00e1rez Fern\u00e1ndez&nbsp; Arist\u00f3teles, Alejandro y la pol\u00e9mica antijudaica en el siglo XIV &#8211; Carlos Saiz de la Maza&nbsp; Mois\u00e9s Mendelsohn &#8211;Sor Esperanza Mary&nbsp; La celebraci\u00f3n del 800 aniversario de Maim\u00f3nides hace 50 a\u00f1os (1935) &#8211; Isidro [&hellip;]<\/p>\n","protected":false},"author":1,"featured_media":0,"comment_status":"open","ping_status":"open","sticky":false,"template":"","format":"standard","meta":{"_et_pb_use_builder":"","_et_pb_old_content":"","_et_gb_content_width":"","footnotes":""},"categories":[25],"tags":[],"class_list":["post-326","post","type-post","status-publish","format-standard","hentry","category-revista-qel-olivoq"],"_links":{"self":[{"href":"https:\/\/cejc-madrid.org\/index.php\/wp-json\/wp\/v2\/posts\/326","targetHints":{"allow":["GET"]}}],"collection":[{"href":"https:\/\/cejc-madrid.org\/index.php\/wp-json\/wp\/v2\/posts"}],"about":[{"href":"https:\/\/cejc-madrid.org\/index.php\/wp-json\/wp\/v2\/types\/post"}],"author":[{"embeddable":true,"href":"https:\/\/cejc-madrid.org\/index.php\/wp-json\/wp\/v2\/users\/1"}],"replies":[{"embeddable":true,"href":"https:\/\/cejc-madrid.org\/index.php\/wp-json\/wp\/v2\/comments?post=326"}],"version-history":[{"count":0,"href":"https:\/\/cejc-madrid.org\/index.php\/wp-json\/wp\/v2\/posts\/326\/revisions"}],"wp:attachment":[{"href":"https:\/\/cejc-madrid.org\/index.php\/wp-json\/wp\/v2\/media?parent=326"}],"wp:term":[{"taxonomy":"category","embeddable":true,"href":"https:\/\/cejc-madrid.org\/index.php\/wp-json\/wp\/v2\/categories?post=326"},{"taxonomy":"post_tag","embeddable":true,"href":"https:\/\/cejc-madrid.org\/index.php\/wp-json\/wp\/v2\/tags?post=326"}],"curies":[{"name":"wp","href":"https:\/\/api.w.org\/{rel}","templated":true}]}}