{"id":329,"date":"2011-11-04T11:07:05","date_gmt":"2011-11-04T11:07:05","guid":{"rendered":"https:\/\/upbeat-goodall.82-223-35-84.plesk.page\/index.php\/2011\/11\/04\/el-olivo-n-28\/"},"modified":"2011-11-04T11:07:05","modified_gmt":"2011-11-04T11:07:05","slug":"el-olivo-n-28","status":"publish","type":"post","link":"https:\/\/cejc-madrid.org\/index.php\/2011\/11\/04\/el-olivo-n-28\/","title":{"rendered":"El Olivo n\u00ba 28"},"content":{"rendered":"<p align=\"center\"><b>EL OLIVO    n\u00ba 28<\/b><\/p>\n<p align=\"center\">\u00a0<\/p>\n<p align=\"center\">Julio-Diciembre 1988<\/p>\n<p align=\"center\">\u00a0<\/p>\n<p align=\"center\"><span style=\"text-decoration: underline;\">\u00cdndice<\/span><\/p>\n<p align=\"center\"><span style=\"text-decoration: underline;\"><br \/><\/span><\/p>\n<p align=\"left\"><b>Juda\u00edsmo  b\u00edblico, juda\u00edsmo rab\u00ednico y cristianismo naciente<\/b><i><b> &#8211; <\/b><\/i><b>&nbsp;<\/b>Le\u00f3n Klenicki &#8211; Eugene J.  Fishe<i>r<\/i><b>&nbsp;<\/b><\/p>\n<p style=\"text-align: justify;\" align=\"center\"><b>La Biblia en la  literatura espa\u00f1ola: Formas de incorporaci\u00f3n<\/b><i><b> &#8211; <\/b><\/i>Fernando D\u00edaz Esteban<b>&nbsp;<\/b><\/p>\n<p style=\"text-align: justify;\" align=\"center\"><b>La di\u00e1spora  sefard\u00ed hacia la Jerusal\u00e9n holandesa del siglo XVII &#8211;<\/b>Esther Bartolom\u00e9<\/p>\n<p style=\"text-align: justify;\" align=\"center\"><b>Abraham  Heschel:un profeta del siglo XX &#8211;<\/b><i><b> <\/b><\/i>Sor Esperanza Mary<\/p>\n<p style=\"text-align: justify;\" align=\"center\">\u00a0<\/p>\n<p style=\"text-align: justify;\" align=\"center\"><i><b>Documentaci\u00f3n<\/b><\/i><\/p>\n<p style=\"text-align: justify;\" align=\"center\">Di\u00e1logo, comprensi\u00f3n y amor entre  hermanos en la fe del Dios de Abraham.<i> Discurso del Papa Juan Pablo II a los  representantes de la Comunidad Jud\u00eda de Viena el 24 de junio de 1988<\/i><\/p>\n","protected":false},"excerpt":{"rendered":"<p>EL OLIVO n\u00ba 28 \u00a0 Julio-Diciembre 1988 \u00a0 \u00cdndice Juda\u00edsmo b\u00edblico, juda\u00edsmo rab\u00ednico y cristianismo naciente &#8211; &nbsp;Le\u00f3n Klenicki &#8211; Eugene J. Fisher&nbsp; La Biblia en la literatura espa\u00f1ola: Formas de incorporaci\u00f3n &#8211; Fernando D\u00edaz Esteban&nbsp; La di\u00e1spora sefard\u00ed hacia la Jerusal\u00e9n holandesa del siglo XVII &#8211;Esther Bartolom\u00e9 Abraham Heschel:un profeta del siglo XX &#8211; [&hellip;]<\/p>\n","protected":false},"author":1,"featured_media":0,"comment_status":"open","ping_status":"open","sticky":false,"template":"","format":"standard","meta":{"_et_pb_use_builder":"","_et_pb_old_content":"","_et_gb_content_width":"","footnotes":""},"categories":[25],"tags":[],"class_list":["post-329","post","type-post","status-publish","format-standard","hentry","category-revista-qel-olivoq"],"_links":{"self":[{"href":"https:\/\/cejc-madrid.org\/index.php\/wp-json\/wp\/v2\/posts\/329","targetHints":{"allow":["GET"]}}],"collection":[{"href":"https:\/\/cejc-madrid.org\/index.php\/wp-json\/wp\/v2\/posts"}],"about":[{"href":"https:\/\/cejc-madrid.org\/index.php\/wp-json\/wp\/v2\/types\/post"}],"author":[{"embeddable":true,"href":"https:\/\/cejc-madrid.org\/index.php\/wp-json\/wp\/v2\/users\/1"}],"replies":[{"embeddable":true,"href":"https:\/\/cejc-madrid.org\/index.php\/wp-json\/wp\/v2\/comments?post=329"}],"version-history":[{"count":0,"href":"https:\/\/cejc-madrid.org\/index.php\/wp-json\/wp\/v2\/posts\/329\/revisions"}],"wp:attachment":[{"href":"https:\/\/cejc-madrid.org\/index.php\/wp-json\/wp\/v2\/media?parent=329"}],"wp:term":[{"taxonomy":"category","embeddable":true,"href":"https:\/\/cejc-madrid.org\/index.php\/wp-json\/wp\/v2\/categories?post=329"},{"taxonomy":"post_tag","embeddable":true,"href":"https:\/\/cejc-madrid.org\/index.php\/wp-json\/wp\/v2\/tags?post=329"}],"curies":[{"name":"wp","href":"https:\/\/api.w.org\/{rel}","templated":true}]}}