{"id":33,"date":"2011-11-04T11:06:03","date_gmt":"2011-11-04T11:06:03","guid":{"rendered":"https:\/\/upbeat-goodall.82-223-35-84.plesk.page\/index.php\/2011\/11\/04\/el-olivo-no-26\/"},"modified":"2011-11-04T11:06:03","modified_gmt":"2011-11-04T11:06:03","slug":"el-olivo-no-26","status":"publish","type":"post","link":"https:\/\/cejc-madrid.org\/index.php\/2011\/11\/04\/el-olivo-no-26\/","title":{"rendered":"El Olivo n\u00ba 26"},"content":{"rendered":"<p align=\"center\"><b>EL OLIVO    n\u00ba 26<\/b><\/p>\n<p align=\"center\">\u00a0<\/p>\n<p align=\"center\">Julio-Diciembre 1987<\/p>\n<p align=\"center\">\u00a0<\/p>\n<p align=\"center\"><span style=\"text-decoration: underline;\">\u00cdndice<\/span><\/p>\n<p align=\"left\">\u00a0<\/p>\n<p align=\"left\"><b>De la traducci\u00f3n  a la interpretaci\u00f3n: El Targum<\/b><i> &#8211; Josep Ribera<\/i><b>&nbsp;<\/b><\/p>\n<p align=\"left\"><b>La belleza de  Eva seg\u00fan los escritos jud\u00edos postb\u00edblicos<\/b><i><b> &#8211; <\/b>Sor Esperanza Mary<\/i><b>&nbsp;<\/b><\/p>\n<p align=\"left\"><b>Noticias acerca  de los jud\u00edos ceut\u00edes &#8211; <\/b><i>Rica Amr\u00e1n<\/i><b>&nbsp;<\/b><\/p>\n<p align=\"left\"><b>Rab\u00ed Yusef Caro:  compilador del Shuljan Aruj &#8211; <\/b><i>A. M. de Gibert i Janot<\/i><b>&nbsp;<\/b><\/p>\n<p align=\"left\"><b>Rabelais y lo  jud\u00edo &#8211; <\/b><i>Carlos Alonso Fontela &#8211; Mariano Mart\u00edn  Rodr\u00edguez<\/i><b>&nbsp;<\/b><\/p>\n<p align=\"left\"><b>Las cuatro  dimensiones de Elie Wiesel &#8211; <\/b><i>Bonis Zelde M.<\/i><b>&nbsp;<\/b><\/p>\n<p align=\"left\"><b>La situaci\u00f3n  existencial del hombre jud\u00edo en nuestra generaci\u00f3n<\/b><i> &#8211; Israel Elar<\/i><\/p>\n<p><strong>Salvador de  Madariaga y el problema jud\u00edo &#8211;<\/strong><i>Isidro Gonz\u00e1lez Garc\u00eda<\/i><i><b>&nbsp;<\/b><\/i><\/p>\n<p>\u00a0<\/p>\n<p><i><b>Documentaci\u00f3n <\/b><\/i><\/p>\n<p>Discurso de Juan Pablo II a los  representantes de las Organizaciones Jud\u00edas norteamericanas. Miami, 11 de  septiembre de 1987<\/p>\n<p>Directrices para la ense\u00f1anza de la historia y en  particular acerca del lugar que ocupa la historia jud\u00eda en la ense\u00f1anza de la  historia en general.<\/p>\n","protected":false},"excerpt":{"rendered":"<p>EL OLIVO n\u00ba 26 \u00a0 Julio-Diciembre 1987 \u00a0 \u00cdndice \u00a0 De la traducci\u00f3n a la interpretaci\u00f3n: El Targum &#8211; Josep Ribera&nbsp; La belleza de Eva seg\u00fan los escritos jud\u00edos postb\u00edblicos &#8211; Sor Esperanza Mary&nbsp; Noticias acerca de los jud\u00edos ceut\u00edes &#8211; Rica Amr\u00e1n&nbsp; Rab\u00ed Yusef Caro: compilador del Shuljan Aruj &#8211; A. M. de Gibert [&hellip;]<\/p>\n","protected":false},"author":1,"featured_media":0,"comment_status":"open","ping_status":"open","sticky":false,"template":"","format":"standard","meta":{"_et_pb_use_builder":"","_et_pb_old_content":"","_et_gb_content_width":"","footnotes":""},"categories":[25],"tags":[],"class_list":["post-33","post","type-post","status-publish","format-standard","hentry","category-revista-qel-olivoq"],"_links":{"self":[{"href":"https:\/\/cejc-madrid.org\/index.php\/wp-json\/wp\/v2\/posts\/33","targetHints":{"allow":["GET"]}}],"collection":[{"href":"https:\/\/cejc-madrid.org\/index.php\/wp-json\/wp\/v2\/posts"}],"about":[{"href":"https:\/\/cejc-madrid.org\/index.php\/wp-json\/wp\/v2\/types\/post"}],"author":[{"embeddable":true,"href":"https:\/\/cejc-madrid.org\/index.php\/wp-json\/wp\/v2\/users\/1"}],"replies":[{"embeddable":true,"href":"https:\/\/cejc-madrid.org\/index.php\/wp-json\/wp\/v2\/comments?post=33"}],"version-history":[{"count":0,"href":"https:\/\/cejc-madrid.org\/index.php\/wp-json\/wp\/v2\/posts\/33\/revisions"}],"wp:attachment":[{"href":"https:\/\/cejc-madrid.org\/index.php\/wp-json\/wp\/v2\/media?parent=33"}],"wp:term":[{"taxonomy":"category","embeddable":true,"href":"https:\/\/cejc-madrid.org\/index.php\/wp-json\/wp\/v2\/categories?post=33"},{"taxonomy":"post_tag","embeddable":true,"href":"https:\/\/cejc-madrid.org\/index.php\/wp-json\/wp\/v2\/tags?post=33"}],"curies":[{"name":"wp","href":"https:\/\/api.w.org\/{rel}","templated":true}]}}