{"id":332,"date":"2011-11-04T11:08:39","date_gmt":"2011-11-04T11:08:39","guid":{"rendered":"https:\/\/upbeat-goodall.82-223-35-84.plesk.page\/index.php\/2011\/11\/04\/el-olivo-n-32\/"},"modified":"2011-11-04T11:08:39","modified_gmt":"2011-11-04T11:08:39","slug":"el-olivo-n-32","status":"publish","type":"post","link":"https:\/\/cejc-madrid.org\/index.php\/2011\/11\/04\/el-olivo-n-32\/","title":{"rendered":"El Olivo n\u00ba 32"},"content":{"rendered":"<p align=\"center\"><b>EL OLIVO    n\u00ba 32<\/b><\/p>\n<p align=\"center\">\u00a0<\/p>\n<p align=\"center\">Julio-Diciembre 1990<\/p>\n<p align=\"center\">\u00a0<\/p>\n<p align=\"center\"><span style=\"text-decoration: underline;\">\u00cdndice<\/span><\/p>\n<p align=\"left\">\u00a0<\/p>\n<p align=\"left\"><b>La luz infinita  (un libro acerca de Dios) &#8211;<\/b><i><b> <\/b>Rabbi Ariel Kaplan<\/i><b>&nbsp;<\/b><\/p>\n<p align=\"left\"><b>En torno a la  muerte en el antiguo Israel &#8211;<\/b><i><b> <\/b>Javier Fern\u00e1ndez Vallina<\/i><b>&nbsp;<\/b><\/p>\n<p align=\"left\"><b>La colonia jud\u00eda  de Elefantina &#8211;<\/b><i><b> <\/b>Carlos Alonso Fontela<\/i><b>&nbsp;<\/b><\/p>\n<p align=\"left\"><b>Expresiones de  tolerancia e intolerancia en la poes\u00eda hebrea en Espa\u00f1a &#8211;<\/b><i><b> <\/b>Aviva Dor\u00f3n<\/i><b><i> <\/i><\/b><\/p>\n<p align=\"left\"><b>Yehuda Ha-Levi y  el mar &#8211;<\/b><i><b> <\/b>Rosa Castillo<\/i><b>&nbsp;<\/b><\/p>\n<p style=\"text-align: justify;\" align=\"center\"><b>El juda\u00edsmo de  tradici\u00f3n portuguesa. Desde la Pen\u00ednsula Ib\u00e9rica hasta Aquitania &#8211;<\/b><i><b> <\/b>Francis Trefouse<b>&nbsp;<\/b><\/i><\/p>\n<p style=\"text-align: justify;\" align=\"center\">\u00a0<\/p>\n<p style=\"text-align: justify;\" align=\"center\"><i><b>Documentaci\u00f3n<\/b><\/i><\/p>\n<p style=\"text-align: justify;\" align=\"left\">Informe del Comit\u00e9 Mixto  Internacional de Amistad Cat\u00f3lico-Jud\u00eda, representando a la Comisi\u00f3n de la Santa  Sede para relaciones con los jud\u00eds y el comit\u00e9 internacional de consultas  interreligiosas<i>&nbsp;<\/i><\/p>\n<p style=\"text-align: justify;\" align=\"left\"><i>Consejo de Sinagogas de Am\u00e9rica, Congreso  Jud\u00edo Mundial, B&#8217;nai B&#8217;rith <\/i><\/p>\n<blockquote><\/blockquote>\n","protected":false},"excerpt":{"rendered":"<p>EL OLIVO n\u00ba 32 \u00a0 Julio-Diciembre 1990 \u00a0 \u00cdndice \u00a0 La luz infinita (un libro acerca de Dios) &#8211; Rabbi Ariel Kaplan&nbsp; En torno a la muerte en el antiguo Israel &#8211; Javier Fern\u00e1ndez Vallina&nbsp; La colonia jud\u00eda de Elefantina &#8211; Carlos Alonso Fontela&nbsp; Expresiones de tolerancia e intolerancia en la poes\u00eda hebrea en Espa\u00f1a [&hellip;]<\/p>\n","protected":false},"author":1,"featured_media":0,"comment_status":"open","ping_status":"open","sticky":false,"template":"","format":"standard","meta":{"_et_pb_use_builder":"","_et_pb_old_content":"","_et_gb_content_width":"","footnotes":""},"categories":[25],"tags":[],"class_list":["post-332","post","type-post","status-publish","format-standard","hentry","category-revista-qel-olivoq"],"_links":{"self":[{"href":"https:\/\/cejc-madrid.org\/index.php\/wp-json\/wp\/v2\/posts\/332","targetHints":{"allow":["GET"]}}],"collection":[{"href":"https:\/\/cejc-madrid.org\/index.php\/wp-json\/wp\/v2\/posts"}],"about":[{"href":"https:\/\/cejc-madrid.org\/index.php\/wp-json\/wp\/v2\/types\/post"}],"author":[{"embeddable":true,"href":"https:\/\/cejc-madrid.org\/index.php\/wp-json\/wp\/v2\/users\/1"}],"replies":[{"embeddable":true,"href":"https:\/\/cejc-madrid.org\/index.php\/wp-json\/wp\/v2\/comments?post=332"}],"version-history":[{"count":0,"href":"https:\/\/cejc-madrid.org\/index.php\/wp-json\/wp\/v2\/posts\/332\/revisions"}],"wp:attachment":[{"href":"https:\/\/cejc-madrid.org\/index.php\/wp-json\/wp\/v2\/media?parent=332"}],"wp:term":[{"taxonomy":"category","embeddable":true,"href":"https:\/\/cejc-madrid.org\/index.php\/wp-json\/wp\/v2\/categories?post=332"},{"taxonomy":"post_tag","embeddable":true,"href":"https:\/\/cejc-madrid.org\/index.php\/wp-json\/wp\/v2\/tags?post=332"}],"curies":[{"name":"wp","href":"https:\/\/api.w.org\/{rel}","templated":true}]}}