{"id":333,"date":"2011-11-04T11:09:10","date_gmt":"2011-11-04T11:09:10","guid":{"rendered":"https:\/\/upbeat-goodall.82-223-35-84.plesk.page\/index.php\/2011\/11\/04\/el-olivo-n-33-34\/"},"modified":"2011-11-04T11:09:10","modified_gmt":"2011-11-04T11:09:10","slug":"el-olivo-n-33-34","status":"publish","type":"post","link":"https:\/\/cejc-madrid.org\/index.php\/2011\/11\/04\/el-olivo-n-33-34\/","title":{"rendered":"El Olivo n\u00ba 33-34"},"content":{"rendered":"<p align=\"center\"><b>EL OLIVO    n\u00ba 33-34<\/b><\/p>\n<p align=\"center\">\u00a0<\/p>\n<p align=\"center\">Enero-Julio 1991<\/p>\n<p align=\"center\">\u00a0<\/p>\n<p align=\"center\"><span style=\"text-decoration: underline;\">\u00cdndice<\/span><\/p>\n<p align=\"left\">\u00a0<\/p>\n<p align=\"left\"><b>A modo de  prefacio &#8211;<\/b><i><b> <\/b>Carlos del Valle<\/i><b>&nbsp;<\/b><\/p>\n<p align=\"left\"><b>El M\u00e9todo  Documental en el Estudio de la Historia del Juda\u00edsmo en su Periodo  Creacional &#8211;<\/b><i><b> <\/b>Jacob Neusner<\/i><b>&nbsp;<\/b><\/p>\n<p align=\"left\"><b>El Juda\u00edsmo  Filos\u00f3fico de las Misn\u00e1, Tosfta y compilaciones Midr\u00e1sicas  Tannaitas &#8211;<\/b><i><b> <\/b>Jacob Neusner<\/i><b>&nbsp;<\/b><\/p>\n<p align=\"left\"><b>El Juda\u00edsmo  Religioso del Talmud de la Tierra de Israel &#8211; <\/b><i>Jacob Neusner<\/i><b>&nbsp;<\/b><\/p>\n<p align=\"left\"><b>La Reforma  Categ\u00f3rica del Juda\u00edsmo como Religi\u00f3n &#8211;<\/b><i><b> <\/b>Jacob Neusner<\/i><b>&nbsp;<\/b><\/p>\n<p align=\"left\"><b>De la Filosof\u00eda  a la Religi\u00f3n. La integraci\u00f3n de los sistemas &#8211;<\/b><i><b> <\/b>Jacob Neusner<\/i><b>&nbsp;<\/b><\/p>\n<p align=\"left\"><b>Los Estudios  M\u00edsnicos y Talm\u00fadicos en Espa\u00f1a &#8211;<\/b><i>Carlos del Valle<\/i><b>&nbsp;<\/b><\/p>\n<p align=\"left\"><b>Tradiciones  Jud\u00edas en dos Colecciones de Cuentos Castellanas &#8211;<\/b><i> Amparo  Alba Cecilia<\/i><b>&nbsp;<\/b><\/p>\n<p align=\"left\"><b>Benjam\u00edn de  Tudela, Un jud\u00edo Sefard\u00ed de Viaje por el Oriente isl\u00e1mico &#8211;<\/b><i><b> <\/b>Stefan Schreimer<\/i><b><\/b><\/p>\n<p style=\"text-align: justify;\" align=\"center\"><b>Lo Cristiano y  lo jud\u00edo en la Vetus Latina &#8211;<\/b><i><b> <\/b>Julio Trebolle Barrera<b><\/b><\/i><\/p>\n<p style=\"text-align: justify;\" align=\"center\">\u00a0<\/p>\n<p style=\"text-align: justify;\" align=\"center\"><i><b>Documentaci\u00f3n<\/b><\/i><\/p>\n<p style=\"text-align: justify;\" align=\"center\">Carta Pastoral de los Obispos  polacos acerca de las relaciones con el pueblo jud\u00edo y con la religi\u00f3n mosaica.  El antisemitismo es contrario al Evangelio. Con ocasi\u00f3n del 25 aniversacion de  Nostra Aetate l<\/p>\n<blockquote><\/blockquote>\n","protected":false},"excerpt":{"rendered":"<p>EL OLIVO n\u00ba 33-34 \u00a0 Enero-Julio 1991 \u00a0 \u00cdndice \u00a0 A modo de prefacio &#8211; Carlos del Valle&nbsp; El M\u00e9todo Documental en el Estudio de la Historia del Juda\u00edsmo en su Periodo Creacional &#8211; Jacob Neusner&nbsp; El Juda\u00edsmo Filos\u00f3fico de las Misn\u00e1, Tosfta y compilaciones Midr\u00e1sicas Tannaitas &#8211; Jacob Neusner&nbsp; El Juda\u00edsmo Religioso del Talmud [&hellip;]<\/p>\n","protected":false},"author":1,"featured_media":0,"comment_status":"open","ping_status":"open","sticky":false,"template":"","format":"standard","meta":{"_et_pb_use_builder":"","_et_pb_old_content":"","_et_gb_content_width":"","footnotes":""},"categories":[25],"tags":[],"class_list":["post-333","post","type-post","status-publish","format-standard","hentry","category-revista-qel-olivoq"],"_links":{"self":[{"href":"https:\/\/cejc-madrid.org\/index.php\/wp-json\/wp\/v2\/posts\/333","targetHints":{"allow":["GET"]}}],"collection":[{"href":"https:\/\/cejc-madrid.org\/index.php\/wp-json\/wp\/v2\/posts"}],"about":[{"href":"https:\/\/cejc-madrid.org\/index.php\/wp-json\/wp\/v2\/types\/post"}],"author":[{"embeddable":true,"href":"https:\/\/cejc-madrid.org\/index.php\/wp-json\/wp\/v2\/users\/1"}],"replies":[{"embeddable":true,"href":"https:\/\/cejc-madrid.org\/index.php\/wp-json\/wp\/v2\/comments?post=333"}],"version-history":[{"count":0,"href":"https:\/\/cejc-madrid.org\/index.php\/wp-json\/wp\/v2\/posts\/333\/revisions"}],"wp:attachment":[{"href":"https:\/\/cejc-madrid.org\/index.php\/wp-json\/wp\/v2\/media?parent=333"}],"wp:term":[{"taxonomy":"category","embeddable":true,"href":"https:\/\/cejc-madrid.org\/index.php\/wp-json\/wp\/v2\/categories?post=333"},{"taxonomy":"post_tag","embeddable":true,"href":"https:\/\/cejc-madrid.org\/index.php\/wp-json\/wp\/v2\/tags?post=333"}],"curies":[{"name":"wp","href":"https:\/\/api.w.org\/{rel}","templated":true}]}}