{"id":34,"date":"2011-11-04T11:06:37","date_gmt":"2011-11-04T11:06:37","guid":{"rendered":"https:\/\/upbeat-goodall.82-223-35-84.plesk.page\/index.php\/2011\/11\/04\/el-olivo-no-27\/"},"modified":"2011-11-04T11:06:37","modified_gmt":"2011-11-04T11:06:37","slug":"el-olivo-no-27","status":"publish","type":"post","link":"https:\/\/cejc-madrid.org\/index.php\/2011\/11\/04\/el-olivo-no-27\/","title":{"rendered":"El Olivo n\u00ba 27"},"content":{"rendered":"<p align=\"center\"><b>EL OLIVO    n\u00ba 27<\/b><\/p>\n<p align=\"center\">\u00a0<\/p>\n<p align=\"center\">Enero-Junio 1988<\/p>\n<p align=\"center\">\u00a0<\/p>\n<p align=\"center\"><span style=\"text-decoration: underline;\">\u00cdndice<\/span><\/p>\n<p align=\"center\"><span style=\"text-decoration: underline;\"><br \/><\/span><\/p>\n<p align=\"left\"><b>Los or\u00edgenes de  Israel: los Ben\u00e9-Yisrael<\/b><i> &#8211; <\/i>Julio Trebolle Barrera<b>&nbsp;<\/b><\/p>\n<p align=\"left\"><b>Sobre el Cantar  de los Cantares (algunas observaciones)<\/b><i> &#8211; <\/i>Juan Lozano Lozano<b>&nbsp;<\/b><\/p>\n<p align=\"left\"><b>El cementerio  jud\u00edo de Cuenca &#8211;<\/b>Yolanda Moreno Koch<b>&nbsp;<\/b><\/p>\n<p align=\"left\"><b>\u00bfHubo  antisemitismo en Espa\u00f1a durante 1936-1945? &#8211;<\/b>Martina Lemoine<b>&nbsp;<\/b><\/p>\n<p align=\"left\"><b>En torno a la  rec\u00edproca influencia entre jud\u00edos y cristianos en Espa\u00f1a &#8211;<\/b><i><b> <\/b><\/i>Luis Su\u00e1rez Fern\u00e1ndez<b>&nbsp;<\/b><\/p>\n<p align=\"left\"><b>La Biblia en la  cultura de Israel &#8211;<\/b>Netanel Lorch<b>&nbsp;<\/b><\/p>\n<p align=\"left\"><b>Regulaci\u00f3n  jur\u00eddica de la convivencia &#8211;<\/b>Nat\u00e1n Lerner<b><\/b><\/p>\n<p align=\"left\"><b>La mujer en  nuestra \u00e9poca<\/b><i><b> &#8211; <\/b><\/i>Perla Dujovney-P\u00e9rez<b><\/b><\/p>\n<p align=\"left\"><b>Criterios para  la profundizaci\u00f3n de las relaciones entre Espa\u00f1a e Israel &#8211;<\/b><i><b> <\/b><\/i>Najum Schutz<b><\/b><\/p>\n<p align=\"left\"><b>1992<\/b><i><b> <\/b><\/i>Netanel Lorch<\/p>\n","protected":false},"excerpt":{"rendered":"<p>EL OLIVO n\u00ba 27 \u00a0 Enero-Junio 1988 \u00a0 \u00cdndice Los or\u00edgenes de Israel: los Ben\u00e9-Yisrael &#8211; Julio Trebolle Barrera&nbsp; Sobre el Cantar de los Cantares (algunas observaciones) &#8211; Juan Lozano Lozano&nbsp; El cementerio jud\u00edo de Cuenca &#8211;Yolanda Moreno Koch&nbsp; \u00bfHubo antisemitismo en Espa\u00f1a durante 1936-1945? &#8211;Martina Lemoine&nbsp; En torno a la rec\u00edproca influencia entre jud\u00edos [&hellip;]<\/p>\n","protected":false},"author":1,"featured_media":0,"comment_status":"open","ping_status":"open","sticky":false,"template":"","format":"standard","meta":{"_et_pb_use_builder":"","_et_pb_old_content":"","_et_gb_content_width":"","footnotes":""},"categories":[25],"tags":[],"class_list":["post-34","post","type-post","status-publish","format-standard","hentry","category-revista-qel-olivoq"],"_links":{"self":[{"href":"https:\/\/cejc-madrid.org\/index.php\/wp-json\/wp\/v2\/posts\/34","targetHints":{"allow":["GET"]}}],"collection":[{"href":"https:\/\/cejc-madrid.org\/index.php\/wp-json\/wp\/v2\/posts"}],"about":[{"href":"https:\/\/cejc-madrid.org\/index.php\/wp-json\/wp\/v2\/types\/post"}],"author":[{"embeddable":true,"href":"https:\/\/cejc-madrid.org\/index.php\/wp-json\/wp\/v2\/users\/1"}],"replies":[{"embeddable":true,"href":"https:\/\/cejc-madrid.org\/index.php\/wp-json\/wp\/v2\/comments?post=34"}],"version-history":[{"count":0,"href":"https:\/\/cejc-madrid.org\/index.php\/wp-json\/wp\/v2\/posts\/34\/revisions"}],"wp:attachment":[{"href":"https:\/\/cejc-madrid.org\/index.php\/wp-json\/wp\/v2\/media?parent=34"}],"wp:term":[{"taxonomy":"category","embeddable":true,"href":"https:\/\/cejc-madrid.org\/index.php\/wp-json\/wp\/v2\/categories?post=34"},{"taxonomy":"post_tag","embeddable":true,"href":"https:\/\/cejc-madrid.org\/index.php\/wp-json\/wp\/v2\/tags?post=34"}],"curies":[{"name":"wp","href":"https:\/\/api.w.org\/{rel}","templated":true}]}}