{"id":340,"date":"2011-11-04T11:12:52","date_gmt":"2011-11-04T11:12:52","guid":{"rendered":"https:\/\/upbeat-goodall.82-223-35-84.plesk.page\/index.php\/2011\/11\/04\/el-olivo-n-41\/"},"modified":"2011-11-04T11:12:52","modified_gmt":"2011-11-04T11:12:52","slug":"el-olivo-n-41","status":"publish","type":"post","link":"https:\/\/cejc-madrid.org\/index.php\/2011\/11\/04\/el-olivo-n-41\/","title":{"rendered":"El Olivo n\u00ba 41"},"content":{"rendered":"<p align=\"center\"><b>EL OLIVO    n\u00ba 41<\/b><\/p>\n<p align=\"center\">\u00a0<\/p>\n<p align=\"center\">Enero &#8211; Junio 1995<\/p>\n<dl>\n<div align=\"center\"><center> <\/p>\n<dt> <center>La Redacci\u00f3n dedica este n\u00famero al recuerdo de las  v\u00edctimas de aquella Cat\u00e1strofe que, <\/center><\/dt>\n<p><\/center><\/div>\n<div align=\"center\"><center> <\/p>\n<dt>desde hace cincuenta a\u00f1os, cubre de sombras el futuro de  nuestro mundo. <\/dt>\n<p><\/center><\/div>\n<div align=\"center\"><center> <\/p>\n<dt>Quiera Dios que la Memoria transforme alg\u00fan d\u00eda la  historia del dolor en historia de la paz, <\/dt>\n<p><\/center><\/div>\n<div align=\"center\"><center> <\/p>\n<dt>y que ese d\u00eda legue pronto <\/dt>\n<p><\/center><\/div>\n<\/dl>\n<p align=\"center\">\u00a0<\/p>\n<p align=\"center\"><span style=\"text-decoration: underline;\">\u00cdndice<\/span><\/p>\n<p align=\"left\">\u00a0<\/p>\n<p align=\"left\"><b>El s\u00e1bado en las  fuentes literarias medievales<\/b><i><b> &#8211; <\/b>Amparo Alba <\/i>&#8211; Universidad Complutense<b>&nbsp;<\/b><\/p>\n<p align=\"left\"><b>La idea de El  Escorial y dos textos hist\u00f3ricos hebreos. El templo de Herodes en Jerusalen a  trav\u00e9s de Josefo y la Misnah &#8211;<\/b><i><b> <\/b>Juan Rafael de la Cuadra Blanco<\/i> &#8211;  Doctor Arquitecto por la E.T.S.A.M<b>&nbsp;<\/b><\/p>\n<p align=\"left\"><b>De las disputas  teol\u00f3gicas coercitivas de la Edad Media al di\u00e1logo judeocristiano de  hoy &#8211;<\/b><i><b> <\/b>Sefan Schreiner &#8211; <\/i>Universidad de Tubinga<b>&nbsp;<\/b><\/p>\n<p align=\"left\"><b>La  reconciliaci\u00f3n jur\u00eddico-pol\u00edtica de Berl\u00edn conla comunidad jud\u00eda: el Tratado de  1993 &#8211;<\/b><i><b> <\/b>Carlos Corral  &#8211; <\/i>Universidad de Comillas,  Madrid<b>&nbsp;<\/b><\/p>\n<p align=\"left\"><b>S\u00f3lo cincuenta  a\u00f1os despu\u00e9s &#8211;<\/b><i><b> <\/b>Yaacov Cohen    &#8211; <\/i>Embajador de Israel en Espa\u00f1a<i><b><\/b><\/i><\/p>\n<p align=\"left\">\u00a0<\/p>\n<p align=\"left\"><i><b>Documentaci\u00f3n<\/b><\/i><b><\/b><\/p>\n<p align=\"left\"><b>Jud\u00edos y  cristianos en la b\u00fasqueda de bases religiosas comunes que contribuyan a un mundo  mejor<\/b><i><b> <\/b>Comit\u00e9  Teol\u00f3gico del Consejo Internacional de Cristianos y Jud\u00edos<\/i><b><\/b><\/p>\n<p align=\"left\"><b>Cincuenta a\u00f1os  de la liberaci\u00f3n de Auschwitz<\/b><i><b> <\/b>Declaraci\u00f3n de los  obispos alemanes (23-1-95)<\/i><\/p>\n<blockquote>\n","protected":false},"excerpt":{"rendered":"<p>EL OLIVO n\u00ba 41 \u00a0 Enero &#8211; Junio 1995 La Redacci\u00f3n dedica este n\u00famero al recuerdo de las v\u00edctimas de aquella Cat\u00e1strofe que, desde hace cincuenta a\u00f1os, cubre de sombras el futuro de nuestro mundo. Quiera Dios que la Memoria transforme alg\u00fan d\u00eda la historia del dolor en historia de la paz, y que ese [&hellip;]<\/p>\n","protected":false},"author":1,"featured_media":0,"comment_status":"open","ping_status":"open","sticky":false,"template":"","format":"standard","meta":{"_et_pb_use_builder":"","_et_pb_old_content":"","_et_gb_content_width":"","footnotes":""},"categories":[25],"tags":[],"class_list":["post-340","post","type-post","status-publish","format-standard","hentry","category-revista-qel-olivoq"],"_links":{"self":[{"href":"https:\/\/cejc-madrid.org\/index.php\/wp-json\/wp\/v2\/posts\/340","targetHints":{"allow":["GET"]}}],"collection":[{"href":"https:\/\/cejc-madrid.org\/index.php\/wp-json\/wp\/v2\/posts"}],"about":[{"href":"https:\/\/cejc-madrid.org\/index.php\/wp-json\/wp\/v2\/types\/post"}],"author":[{"embeddable":true,"href":"https:\/\/cejc-madrid.org\/index.php\/wp-json\/wp\/v2\/users\/1"}],"replies":[{"embeddable":true,"href":"https:\/\/cejc-madrid.org\/index.php\/wp-json\/wp\/v2\/comments?post=340"}],"version-history":[{"count":0,"href":"https:\/\/cejc-madrid.org\/index.php\/wp-json\/wp\/v2\/posts\/340\/revisions"}],"wp:attachment":[{"href":"https:\/\/cejc-madrid.org\/index.php\/wp-json\/wp\/v2\/media?parent=340"}],"wp:term":[{"taxonomy":"category","embeddable":true,"href":"https:\/\/cejc-madrid.org\/index.php\/wp-json\/wp\/v2\/categories?post=340"},{"taxonomy":"post_tag","embeddable":true,"href":"https:\/\/cejc-madrid.org\/index.php\/wp-json\/wp\/v2\/tags?post=340"}],"curies":[{"name":"wp","href":"https:\/\/api.w.org\/{rel}","templated":true}]}}