{"id":345,"date":"2011-11-04T11:16:54","date_gmt":"2011-11-04T11:16:54","guid":{"rendered":"https:\/\/upbeat-goodall.82-223-35-84.plesk.page\/index.php\/2011\/11\/04\/el-olivo-n-47\/"},"modified":"2011-11-04T11:16:54","modified_gmt":"2011-11-04T11:16:54","slug":"el-olivo-n-47","status":"publish","type":"post","link":"https:\/\/cejc-madrid.org\/index.php\/2011\/11\/04\/el-olivo-n-47\/","title":{"rendered":"El Olivo n\u00ba 47"},"content":{"rendered":"<p align=\"center\"><b>EL OLIVO    n\u00ba 47<\/b><\/p>\n<p align=\"center\">\u00a0<\/p>\n<p align=\"center\">Enero &#8211; Junio 1998<\/p>\n<p align=\"center\">\u00a0<\/p>\n<p align=\"center\"><span style=\"text-decoration: underline;\">\u00cdndice<\/span><\/p>\n<p align=\"left\">\u00a0<\/p>\n<p style=\"text-align: justify;\" align=\"left\"><b>A Prop\u00f3sito del  presunto hebra\u00edsmo \u00abtaca\u00f1o\u00bb<\/b><i> &#8211; Isabel P\u00e9rez Alonso <\/i>&#8211; Universidad Salamanca<b>&nbsp;<\/b><\/p>\n<p style=\"text-align: justify;\" align=\"left\"><b>Leibniz busca un  <i>alter ego<\/i> para la Europa cristiana: \u00bfpor qu\u00e9 no los  jud\u00edos? &#8211;<\/b><i><b> <\/b>Lourdes Rensoli Laliga<\/i> &#8211; Madrid<b>&nbsp;<\/b><\/p>\n<p style=\"text-align: justify;\" align=\"left\"><b>La imagen de los  <i>sefaradim<\/i> en la literatura jud\u00eda &#8211;<\/b><i><b> <\/b>Alisa Mehuyas Ginio &#8211; <\/i>Universidad de Tel Aviv<b>&nbsp;<\/b><\/p>\n<p style=\"text-align: justify;\" align=\"center\">\u00a0<\/p>\n<p style=\"text-align: justify;\" align=\"center\"><b>\u00bfY qui\u00e9n  recordar\u00e1 a los que recuerdan? . Reflexiones sobre la poes\u00eda de Yehuda  Amichai &#8211;<\/b><i><b> <\/b>Raquel Garc\u00eda Lozano  &#8211; <\/i>Universidad Complutense de Madrid<b>El Acuerdo  Fundamental entre la Santa Sede y el Estado de Israel &#8211;<\/b><i>Rafael Palomino Lozano     &#8211; <\/i>Universidad Complutense de Madrid<\/p>\n<p style=\"text-align: justify;\" align=\"center\">\u00a0<\/p>\n<p style=\"text-align: justify;\" align=\"center\">\u00a0<\/p>\n<p style=\"text-align: justify;\" align=\"center\"><i><b>Documentaci\u00f3n<\/b><\/i><b>&nbsp;<\/b><\/p>\n<p align=\"left\"><b>Acuerdo entre el  Estado de Israel y la Santa Sede en desarrollo del art\u00edculo 3,  3 del Acuerdo  Fundamental entre el Estado de Israel y la Santa Sede (tambi\u00e9n llamado \u00abAcuerdo  sobre personalidad jur\u00eddica\u00bb)<\/b><\/p>\n<p align=\"left\"><b>Declaraci\u00f3n de  arrepentimiento de la Iglesia de Francia<\/b><b>&nbsp;<\/b><\/p>\n<p align=\"left\"><b>Nosotros  recordamos, una reflexi\u00f3n sobre la <i>Shoah<\/i>. Documento de la Comisi\u00f3n para  las Relaciones con el Juda\u00edsmo<\/b><\/p>\n<blockquote><\/blockquote>\n","protected":false},"excerpt":{"rendered":"<p>EL OLIVO n\u00ba 47 \u00a0 Enero &#8211; Junio 1998 \u00a0 \u00cdndice \u00a0 A Prop\u00f3sito del presunto hebra\u00edsmo \u00abtaca\u00f1o\u00bb &#8211; Isabel P\u00e9rez Alonso &#8211; Universidad Salamanca&nbsp; Leibniz busca un alter ego para la Europa cristiana: \u00bfpor qu\u00e9 no los jud\u00edos? &#8211; Lourdes Rensoli Laliga &#8211; Madrid&nbsp; La imagen de los sefaradim en la literatura jud\u00eda &#8211; [&hellip;]<\/p>\n","protected":false},"author":1,"featured_media":0,"comment_status":"open","ping_status":"open","sticky":false,"template":"","format":"standard","meta":{"_et_pb_use_builder":"","_et_pb_old_content":"","_et_gb_content_width":"","footnotes":""},"categories":[25],"tags":[],"class_list":["post-345","post","type-post","status-publish","format-standard","hentry","category-revista-qel-olivoq"],"_links":{"self":[{"href":"https:\/\/cejc-madrid.org\/index.php\/wp-json\/wp\/v2\/posts\/345","targetHints":{"allow":["GET"]}}],"collection":[{"href":"https:\/\/cejc-madrid.org\/index.php\/wp-json\/wp\/v2\/posts"}],"about":[{"href":"https:\/\/cejc-madrid.org\/index.php\/wp-json\/wp\/v2\/types\/post"}],"author":[{"embeddable":true,"href":"https:\/\/cejc-madrid.org\/index.php\/wp-json\/wp\/v2\/users\/1"}],"replies":[{"embeddable":true,"href":"https:\/\/cejc-madrid.org\/index.php\/wp-json\/wp\/v2\/comments?post=345"}],"version-history":[{"count":0,"href":"https:\/\/cejc-madrid.org\/index.php\/wp-json\/wp\/v2\/posts\/345\/revisions"}],"wp:attachment":[{"href":"https:\/\/cejc-madrid.org\/index.php\/wp-json\/wp\/v2\/media?parent=345"}],"wp:term":[{"taxonomy":"category","embeddable":true,"href":"https:\/\/cejc-madrid.org\/index.php\/wp-json\/wp\/v2\/categories?post=345"},{"taxonomy":"post_tag","embeddable":true,"href":"https:\/\/cejc-madrid.org\/index.php\/wp-json\/wp\/v2\/tags?post=345"}],"curies":[{"name":"wp","href":"https:\/\/api.w.org\/{rel}","templated":true}]}}