{"id":348,"date":"2011-11-04T11:18:22","date_gmt":"2011-11-04T11:18:22","guid":{"rendered":"https:\/\/upbeat-goodall.82-223-35-84.plesk.page\/index.php\/2011\/11\/04\/el-olivo-n-50\/"},"modified":"2011-11-04T11:18:22","modified_gmt":"2011-11-04T11:18:22","slug":"el-olivo-n-50","status":"publish","type":"post","link":"https:\/\/cejc-madrid.org\/index.php\/2011\/11\/04\/el-olivo-n-50\/","title":{"rendered":"El Olivo n\u00ba 50"},"content":{"rendered":"<p align=\"center\"><b>EL OLIVO    n\u00ba 50<\/b><\/p>\n<p align=\"center\">\u00a0<\/p>\n<p align=\"center\">Julio-Diciembre 1999<\/p>\n<p align=\"center\">\u00a0<\/p>\n<p align=\"center\"><i>Hoy que nuestra revista alcanza su  n\u00famero 50, debemos agradecer profundamente a nuestros suscriptores la amistad  con la que apoyan esta modesta (pero imprescindible) contribuci\u00f3n al  conocimiento, el respeto y la colaboraci\u00f3n entre jud\u00edos y  cristianos.<\/i><\/p>\n<p align=\"center\"><i>Es tambi\u00e9n el momento de recordar  con emoci\u00f3n y gratitud el esfuerzo generos\u00edsimo de las personas a las que se  debi\u00f3 la iniciativa de esta revista y su sostenimiento a o largo de veinticinco  a\u00f1os, empezando por el Padre Vicente Serrano<\/i><\/p>\n<p align=\"center\">\u00a0<\/p>\n<p align=\"center\"><span style=\"text-decoration: underline;\">\u00cdndice<\/span><\/p>\n<p align=\"left\">\u00a0<\/p>\n<p align=\"left\"><b>Ver y escuchar.  Elementos de interpretaci\u00f3n<\/b><i> &#8211; Armand Abecassis <\/i>&#8211; Universidad de Burdeos<b>&nbsp;<\/b><\/p>\n<p align=\"left\"><b>Ante la aventura  colombiana: \u00bfde Pich\u00f3n a Pinz\u00f3n? &#8211; <\/b><i>Mar\u00eda Fuencisla Garc\u00eda Casar  &#8211; <\/i>Universidad de Salamanca<b>&nbsp;<\/b><\/p>\n<p style=\"text-align: justify;\" align=\"center\"><b>Breve historia  de los jud\u00edos de Or\u00e1n  (1509 &#8211; 1669) &#8211;<\/b><i><b> <\/b>Juan Ignacio Pulido &#8211; <\/i>Instituto Internacional de Estudios Sefard\u00edes y Andalus\u00edes. Universidad  de Alcal\u00e1 de Henares<\/p>\n<p style=\"text-align: justify;\" align=\"center\"><b>La <i>Judengasse <\/i>de Frankfurt, cuna de la familia Rothschild<\/b><i><b> &#8211; <\/b>Martine Lemoine  &#8211; <\/i>Madrid<\/p>\n<p style=\"text-align: justify;\" align=\"center\">\u00a0<\/p>\n<p style=\"text-align: justify;\" align=\"left\"><i><b>Documentaci\u00f3n<\/b><\/i><b>&nbsp;<\/b><\/p>\n<p style=\"text-align: justify;\" align=\"left\"><b>Iglesia y  Juda\u00edsmo. Un descubrimiento a proseguir (La esperanza de un  obispo)<\/b><b>&nbsp;<\/b><\/p>\n<p style=\"text-align: justify;\" align=\"left\"><b>Conferencia  pronunciada en el Centro comunitario de la Sinagoga de la Paz en Estrasburgo el  18 de marzo de 1993<\/b><i> L. A. Elchinger<\/i><b>&nbsp;<\/b><\/p>\n<p style=\"text-align: justify;\" align=\"left\"><b>Conrgreso del  ICCJ (Consejo Internacional de cristianos y jud\u00edos ) en Kiev (Ucrania)  \u00abDestrucci\u00f3n y renovaci\u00f3n\u00bb 8-15 de julio de 1999<\/b><b>&nbsp;<\/b><\/p>\n<p style=\"text-align: justify;\" align=\"left\"><b>ICCJ, Young  Leadership Council Bratislava, Eslovaquia. 6-11 de julio de 1999<\/b><\/p>\n<blockquote><\/blockquote>\n","protected":false},"excerpt":{"rendered":"<p>EL OLIVO n\u00ba 50 \u00a0 Julio-Diciembre 1999 \u00a0 Hoy que nuestra revista alcanza su n\u00famero 50, debemos agradecer profundamente a nuestros suscriptores la amistad con la que apoyan esta modesta (pero imprescindible) contribuci\u00f3n al conocimiento, el respeto y la colaboraci\u00f3n entre jud\u00edos y cristianos. Es tambi\u00e9n el momento de recordar con emoci\u00f3n y gratitud el [&hellip;]<\/p>\n","protected":false},"author":1,"featured_media":0,"comment_status":"open","ping_status":"open","sticky":false,"template":"","format":"standard","meta":{"_et_pb_use_builder":"","_et_pb_old_content":"","_et_gb_content_width":"","footnotes":""},"categories":[25],"tags":[],"class_list":["post-348","post","type-post","status-publish","format-standard","hentry","category-revista-qel-olivoq"],"_links":{"self":[{"href":"https:\/\/cejc-madrid.org\/index.php\/wp-json\/wp\/v2\/posts\/348","targetHints":{"allow":["GET"]}}],"collection":[{"href":"https:\/\/cejc-madrid.org\/index.php\/wp-json\/wp\/v2\/posts"}],"about":[{"href":"https:\/\/cejc-madrid.org\/index.php\/wp-json\/wp\/v2\/types\/post"}],"author":[{"embeddable":true,"href":"https:\/\/cejc-madrid.org\/index.php\/wp-json\/wp\/v2\/users\/1"}],"replies":[{"embeddable":true,"href":"https:\/\/cejc-madrid.org\/index.php\/wp-json\/wp\/v2\/comments?post=348"}],"version-history":[{"count":0,"href":"https:\/\/cejc-madrid.org\/index.php\/wp-json\/wp\/v2\/posts\/348\/revisions"}],"wp:attachment":[{"href":"https:\/\/cejc-madrid.org\/index.php\/wp-json\/wp\/v2\/media?parent=348"}],"wp:term":[{"taxonomy":"category","embeddable":true,"href":"https:\/\/cejc-madrid.org\/index.php\/wp-json\/wp\/v2\/categories?post=348"},{"taxonomy":"post_tag","embeddable":true,"href":"https:\/\/cejc-madrid.org\/index.php\/wp-json\/wp\/v2\/tags?post=348"}],"curies":[{"name":"wp","href":"https:\/\/api.w.org\/{rel}","templated":true}]}}