{"id":349,"date":"2011-11-04T11:18:53","date_gmt":"2011-11-04T11:18:53","guid":{"rendered":"https:\/\/upbeat-goodall.82-223-35-84.plesk.page\/index.php\/2011\/11\/04\/el-olivo-n-51-52\/"},"modified":"2011-11-04T11:18:53","modified_gmt":"2011-11-04T11:18:53","slug":"el-olivo-n-51-52","status":"publish","type":"post","link":"https:\/\/cejc-madrid.org\/index.php\/2011\/11\/04\/el-olivo-n-51-52\/","title":{"rendered":"El Olivo n\u00ba 51-52"},"content":{"rendered":"<p align=\"center\"><b>EL OLIVO    n\u00ba 51 &#8211; 52<\/b><\/p>\n<p align=\"center\">\u00a0<\/p>\n<p align=\"center\">Enero-Diciembre 2000<\/p>\n<p align=\"center\">\u00a0<\/p>\n<p align=\"center\"><span style=\"text-decoration: underline;\">\u00cdndice<\/span><\/p>\n<p style=\"text-align: justify;\" align=\"left\">\u00a0<\/p>\n<p style=\"text-align: justify;\" align=\"left\"><b>La g\u00e9nesis del  conflicto humano &#8211;<\/b><i><b> <\/b>Ierajmiel Barylka <\/i>&#8211; Jerusalem<b>&nbsp;<\/b><\/p>\n<p style=\"text-align: justify;\" align=\"left\"><b>La mujer  cristiana y la mujer jud\u00eda en el matrimonio. Estudio comparativo &#8211;<\/b><i> Macarena Crespo \u00c1lvarez  &#8211; <\/i>Universidad Aut\u00f3noma de Madrid<b>&nbsp;<\/b><\/p>\n<p style=\"text-align: justify;\" align=\"left\"><b>Dimensi\u00f3n social  y cultural de la Conferencia Euromediterr\u00e1nea de 1995 &#8211;<\/b><i><b> <\/b>Mercedes Gal\u00e1n Ju\u00e1rez &#8211; <\/i> Universidad Rey Juan  Carlos de Madrid<b>&nbsp;<\/b><\/p>\n<p style=\"text-align: justify;\" align=\"left\"><b>Interculturalidad y pol\u00edtica en Israel &#8211;<\/b><i><b> <\/b>Samuel Hadas &#8211; <\/i>Jerusalem<b>&nbsp;<\/b><\/p>\n<p style=\"text-align: justify;\" align=\"left\"><b>Desarrollo de la  noci\u00f3n de humanidad en el \u00e1rea del Mediterr\u00e1neo &#8211;<\/b><i>Jos\u00e9 A. Itzigsohn &#8211; <\/i>Jerusalem<b>&nbsp;<\/b><\/p>\n<p style=\"text-align: justify;\" align=\"left\"><b>Dilemas de las  sociedades multiculturales &#8211;<\/b><i>Israel Jamitovsky &#8211; Tel Aviv<\/i><b>&nbsp;<\/b><\/p>\n<p style=\"text-align: justify;\" align=\"left\"><b>Dignidad de la  persona y libertad religiosa &#8211;<\/b><i>Rosa Mar\u00eda Mart\u00ednez de Codes &#8211; Subidrectora de Relaciones Religiosas            Institucionales del  Ministerio de Justicia de Espa\u00f1a<\/i><b>&nbsp;<\/b><\/p>\n<p style=\"text-align: justify;\" align=\"left\"><b>Reacciones  populares y hechos ins\u00f3litos en la historiograf\u00eda hebrea &#8211;<\/b><i><b> <\/b>Yolanda Moreno Koch<\/i> &#8211; Universidad Complutense de Madrid<b>&nbsp;<\/b><\/p>\n<p style=\"text-align: justify;\" align=\"left\"><b>Auschwitz y la  ausencia divina. Una introducci\u00f3n a la Teolog\u00eda del Holocausto &#8211;<\/b><i><b> <\/b>Gustavo Daniel Perednik &#8211; <\/i>Tel Aviv<b> <\/b><\/p>\n<p style=\"text-align: justify;\" align=\"left\"><b>Persona y  comunidad &#8211;<\/b><i><b> <\/b>Najum Schutz  &#8211;<\/i> Tel Aviv<b>&nbsp;<\/b><\/p>\n<p style=\"text-align: justify;\" align=\"left\"><b>Hannah Arendt y  Karl Jaspers acerca del alcance de la responsabilidad humana &#8211;<\/b><i><b> <\/b>Agust\u00edn Serrano de Haro<\/i> &#8211; Instituto de Filosof\u00eda del CSIC &#8211; Madrid<b>&nbsp;<\/b><\/p>\n<p style=\"text-align: justify;\" align=\"left\"><b>La persona y el  Poder Pol\u00edtico (especial referencia a Espa\u00f1a) &#8211;<\/b><i><b> <\/b>Adolfo Serrano de Triana &#8211; <\/i>Madrid<b>&nbsp;<\/b><\/p>\n<p style=\"text-align: justify;\" align=\"left\"><b>El Dios oculto  de Pascal: un di\u00e1logo entre el cient\u00edfico, el fil\u00f3sofo y el  creyente &#8211;<\/b><i><b> <\/b>Alicia Villar Ezcurra &#8211; <\/i>Universidad Pontificia de Comillas &#8211; Madrid<b>&nbsp;<\/b><\/p>\n<p style=\"text-align: justify;\" align=\"left\"><b>Violeta Friedman  nos dej\u00f3 para siempre &#8211;<\/b><i><b> <\/b>Teofil Moldovan &#8211; <\/i>P\u00e1rroco de la Iglesia Ortodoxa Rumana de Madrid<i><b>&nbsp;<\/b><\/i><\/p>\n<p style=\"text-align: justify;\" align=\"left\">\u00a0<\/p>\n<p align=\"left\"><i><b>Documentaci\u00f3n<\/b><\/i><b>&nbsp;<\/b><\/p>\n<p align=\"left\"><b>Memoria y  reconciliaci\u00f3n: la Iglesia y las culpas del pasado&nbsp;&nbsp; <\/b>Documento de la  Comisi\u00f3n Teol\u00f3gica Internacional<\/p>\n<blockquote><\/blockquote>\n","protected":false},"excerpt":{"rendered":"<p>EL OLIVO n\u00ba 51 &#8211; 52 \u00a0 Enero-Diciembre 2000 \u00a0 \u00cdndice \u00a0 La g\u00e9nesis del conflicto humano &#8211; Ierajmiel Barylka &#8211; Jerusalem&nbsp; La mujer cristiana y la mujer jud\u00eda en el matrimonio. Estudio comparativo &#8211; Macarena Crespo \u00c1lvarez &#8211; Universidad Aut\u00f3noma de Madrid&nbsp; Dimensi\u00f3n social y cultural de la Conferencia Euromediterr\u00e1nea de 1995 &#8211; Mercedes [&hellip;]<\/p>\n","protected":false},"author":1,"featured_media":0,"comment_status":"open","ping_status":"open","sticky":false,"template":"","format":"standard","meta":{"_et_pb_use_builder":"","_et_pb_old_content":"","_et_gb_content_width":"","footnotes":""},"categories":[25],"tags":[],"class_list":["post-349","post","type-post","status-publish","format-standard","hentry","category-revista-qel-olivoq"],"_links":{"self":[{"href":"https:\/\/cejc-madrid.org\/index.php\/wp-json\/wp\/v2\/posts\/349","targetHints":{"allow":["GET"]}}],"collection":[{"href":"https:\/\/cejc-madrid.org\/index.php\/wp-json\/wp\/v2\/posts"}],"about":[{"href":"https:\/\/cejc-madrid.org\/index.php\/wp-json\/wp\/v2\/types\/post"}],"author":[{"embeddable":true,"href":"https:\/\/cejc-madrid.org\/index.php\/wp-json\/wp\/v2\/users\/1"}],"replies":[{"embeddable":true,"href":"https:\/\/cejc-madrid.org\/index.php\/wp-json\/wp\/v2\/comments?post=349"}],"version-history":[{"count":0,"href":"https:\/\/cejc-madrid.org\/index.php\/wp-json\/wp\/v2\/posts\/349\/revisions"}],"wp:attachment":[{"href":"https:\/\/cejc-madrid.org\/index.php\/wp-json\/wp\/v2\/media?parent=349"}],"wp:term":[{"taxonomy":"category","embeddable":true,"href":"https:\/\/cejc-madrid.org\/index.php\/wp-json\/wp\/v2\/categories?post=349"},{"taxonomy":"post_tag","embeddable":true,"href":"https:\/\/cejc-madrid.org\/index.php\/wp-json\/wp\/v2\/tags?post=349"}],"curies":[{"name":"wp","href":"https:\/\/api.w.org\/{rel}","templated":true}]}}