{"id":350,"date":"2011-11-04T11:19:26","date_gmt":"2011-11-04T11:19:26","guid":{"rendered":"https:\/\/upbeat-goodall.82-223-35-84.plesk.page\/index.php\/2011\/11\/04\/el-olivo-n-53\/"},"modified":"2011-11-04T11:19:26","modified_gmt":"2011-11-04T11:19:26","slug":"el-olivo-n-53","status":"publish","type":"post","link":"https:\/\/cejc-madrid.org\/index.php\/2011\/11\/04\/el-olivo-n-53\/","title":{"rendered":"El Olivo n\u00ba 53"},"content":{"rendered":"<p align=\"center\"><b>EL OLIVO    n\u00ba 53<\/b><\/p>\n<p align=\"center\">Enero-Junio 2001<\/p>\n<p align=\"center\">\u00a0<\/p>\n<p align=\"center\"><span style=\"text-decoration: underline;\">\u00cdndice<\/span><\/p>\n<p align=\"center\"><span style=\"text-decoration: underline;\"><br \/><\/span><\/p>\n<p><b>Orientaci\u00f3n  personal y vivencia hist\u00f3rica: los puntos cardinales en el hebreo  b\u00edblico<\/b>&nbsp; <i>&#8211; Irene Paj\u00f3n Leyra <\/i>&#8211; Universidad Complutense de Madrid <b>&nbsp;<\/b><\/p>\n<p align=\"left\"><b>Sanehet &#8211;<\/b><i><b> <\/b>Felipe Sen  &#8211; <\/i>Universidad Complutense de Madrid<b>&nbsp;<\/b><\/p>\n<p align=\"left\"><b>El concepto de  realeza en los estados arameos &#8211;<\/b><i><b> <\/b><\/i><\/p>\n<p align=\"left\"><i>Efrem Yildiz  &#8211;<\/i> Universidad de Salamanca<b>&nbsp;<\/b><\/p>\n<p align=\"left\"><b>\u00abPrestamistas\u00bb  jud\u00edos y\/o cristianos &#8211;<\/b><i><b> <\/b>Eunate Mirones Lozano  &#8211; <\/i>Universidad de Salamanca<b>&nbsp;<\/b><\/p>\n<p align=\"left\"><b>Jud\u00edos y  judaizantes de Caracena<\/b><i><b> &#8211; <\/b>Ricardo Mu\u00f1oz Solla  &#8211; <\/i>Universidad de Salamanca<b>&nbsp;<\/b><\/p>\n<p align=\"left\"><b>El cristiano  ante el magisterio del juda\u00edsmo &#8211;<\/b><i><b> <\/b>V\u00edctor M. Fern\u00e1ndez  &#8211; <\/i>Universidad Cat\u00f3lica Pontificia de Buenos Aires<b><i>&nbsp;<\/i><\/b><\/p>\n<p align=\"left\"><b><i>In memorian. <\/i>Antonio Peral Torres &#8211;<\/b><i><b> <\/b>Luis F. Gir\u00f3n<\/i><b>&nbsp;<\/b><\/p>\n<p align=\"left\">\u00a0<\/p>\n<p align=\"left\"><b>Documentaci\u00f3n:<\/b><b>&nbsp;<\/b><\/p>\n<p align=\"left\"><b>Reconciliaci\u00f3n y  perd\u00f3n &#8211; <\/b><i>Rabino Dr. Esteban Veghazi &#8211; <\/i>Relaciones Interreligiosas de Chile<b>&nbsp;<\/b><\/p>\n<p align=\"left\"><b>Declaraci\u00f3n  jud\u00eda sobre los cristianos y el cristianismo &#8211;<\/b><i><b> <\/b>National Jewish Scholars  Project<\/i><\/p>\n<blockquote><\/blockquote>\n","protected":false},"excerpt":{"rendered":"<p>EL OLIVO n\u00ba 53 Enero-Junio 2001 \u00a0 \u00cdndice Orientaci\u00f3n personal y vivencia hist\u00f3rica: los puntos cardinales en el hebreo b\u00edblico&nbsp; &#8211; Irene Paj\u00f3n Leyra &#8211; Universidad Complutense de Madrid &nbsp; Sanehet &#8211; Felipe Sen &#8211; Universidad Complutense de Madrid&nbsp; El concepto de realeza en los estados arameos &#8211; Efrem Yildiz &#8211; Universidad de Salamanca&nbsp; \u00abPrestamistas\u00bb [&hellip;]<\/p>\n","protected":false},"author":1,"featured_media":0,"comment_status":"open","ping_status":"open","sticky":false,"template":"","format":"standard","meta":{"_et_pb_use_builder":"","_et_pb_old_content":"","_et_gb_content_width":"","footnotes":""},"categories":[25],"tags":[],"class_list":["post-350","post","type-post","status-publish","format-standard","hentry","category-revista-qel-olivoq"],"_links":{"self":[{"href":"https:\/\/cejc-madrid.org\/index.php\/wp-json\/wp\/v2\/posts\/350","targetHints":{"allow":["GET"]}}],"collection":[{"href":"https:\/\/cejc-madrid.org\/index.php\/wp-json\/wp\/v2\/posts"}],"about":[{"href":"https:\/\/cejc-madrid.org\/index.php\/wp-json\/wp\/v2\/types\/post"}],"author":[{"embeddable":true,"href":"https:\/\/cejc-madrid.org\/index.php\/wp-json\/wp\/v2\/users\/1"}],"replies":[{"embeddable":true,"href":"https:\/\/cejc-madrid.org\/index.php\/wp-json\/wp\/v2\/comments?post=350"}],"version-history":[{"count":0,"href":"https:\/\/cejc-madrid.org\/index.php\/wp-json\/wp\/v2\/posts\/350\/revisions"}],"wp:attachment":[{"href":"https:\/\/cejc-madrid.org\/index.php\/wp-json\/wp\/v2\/media?parent=350"}],"wp:term":[{"taxonomy":"category","embeddable":true,"href":"https:\/\/cejc-madrid.org\/index.php\/wp-json\/wp\/v2\/categories?post=350"},{"taxonomy":"post_tag","embeddable":true,"href":"https:\/\/cejc-madrid.org\/index.php\/wp-json\/wp\/v2\/tags?post=350"}],"curies":[{"name":"wp","href":"https:\/\/api.w.org\/{rel}","templated":true}]}}