{"id":352,"date":"2011-11-04T11:20:30","date_gmt":"2011-11-04T11:20:30","guid":{"rendered":"https:\/\/upbeat-goodall.82-223-35-84.plesk.page\/index.php\/2011\/11\/04\/el-olivo-n-55\/"},"modified":"2011-11-04T11:20:30","modified_gmt":"2011-11-04T11:20:30","slug":"el-olivo-n-55","status":"publish","type":"post","link":"https:\/\/cejc-madrid.org\/index.php\/2011\/11\/04\/el-olivo-n-55\/","title":{"rendered":"El Olivo n\u00ba 55"},"content":{"rendered":"<p align=\"center\"><b>EL OLIVO    n\u00ba 55<\/b><\/p>\n<p align=\"center\">\u00a0<\/p>\n<p align=\"center\">Enero &#8211; Junio 2002<\/p>\n<p align=\"center\">\u00a0<\/p>\n<p align=\"center\"><span style=\"text-decoration: underline;\">\u00cdndice<\/span><\/p>\n<p align=\"left\">\u00a0<\/p>\n<p align=\"left\"><b>La ex\u00e9geis  intra-b\u00edblica<\/b><i> &#8211; <\/i>Adri\u00e1n Herbst &#8211; Buenos  Aires<b> <\/b><\/p>\n<p align=\"left\"><b>El proceso a  Jes\u00fas<\/b><i> &#8211; <\/i>Juan Antonio Garc\u00eda &#8211; Madrid<b>&nbsp;<\/b><\/p>\n<p align=\"left\"><b>La Ep\u00edstola de  los P\u00e1jaros de Yosef ben Tanhum &#8211;<\/b><b> <\/b>Mercedes Alvarez<i> &#8211; <\/i>Madrid<b>&nbsp;<\/b><\/p>\n<p align=\"left\"><b>Legislaci\u00f3n  referente a los jud\u00edos durante el siglo XIV: el gobierno de Juan I de Castilla &#8211;<\/b><i><b> <\/b><\/i>Macarena Crespo<i> &#8211; <\/i>Universidad Aut\u00f3noma de  Madrid<b>&nbsp;<\/b><\/p>\n<p align=\"left\"><b>La evoluci\u00f3n del antisemitismo en la derecha espa\u00f1ola  contempor\u00e1nea &#8211;<\/b><i><b> <\/b><\/i>Isidro Gonz\u00e1lez Garc\u00eda<i> &#8211; <\/i> Madrid<\/p>\n<blockquote>\n","protected":false},"excerpt":{"rendered":"<p>EL OLIVO n\u00ba 55 \u00a0 Enero &#8211; Junio 2002 \u00a0 \u00cdndice \u00a0 La ex\u00e9geis intra-b\u00edblica &#8211; Adri\u00e1n Herbst &#8211; Buenos Aires El proceso a Jes\u00fas &#8211; Juan Antonio Garc\u00eda &#8211; Madrid&nbsp; La Ep\u00edstola de los P\u00e1jaros de Yosef ben Tanhum &#8211; Mercedes Alvarez &#8211; Madrid&nbsp; Legislaci\u00f3n referente a los jud\u00edos durante el siglo XIV: el [&hellip;]<\/p>\n","protected":false},"author":1,"featured_media":0,"comment_status":"open","ping_status":"open","sticky":false,"template":"","format":"standard","meta":{"_et_pb_use_builder":"","_et_pb_old_content":"","_et_gb_content_width":"","footnotes":""},"categories":[25],"tags":[],"class_list":["post-352","post","type-post","status-publish","format-standard","hentry","category-revista-qel-olivoq"],"_links":{"self":[{"href":"https:\/\/cejc-madrid.org\/index.php\/wp-json\/wp\/v2\/posts\/352","targetHints":{"allow":["GET"]}}],"collection":[{"href":"https:\/\/cejc-madrid.org\/index.php\/wp-json\/wp\/v2\/posts"}],"about":[{"href":"https:\/\/cejc-madrid.org\/index.php\/wp-json\/wp\/v2\/types\/post"}],"author":[{"embeddable":true,"href":"https:\/\/cejc-madrid.org\/index.php\/wp-json\/wp\/v2\/users\/1"}],"replies":[{"embeddable":true,"href":"https:\/\/cejc-madrid.org\/index.php\/wp-json\/wp\/v2\/comments?post=352"}],"version-history":[{"count":0,"href":"https:\/\/cejc-madrid.org\/index.php\/wp-json\/wp\/v2\/posts\/352\/revisions"}],"wp:attachment":[{"href":"https:\/\/cejc-madrid.org\/index.php\/wp-json\/wp\/v2\/media?parent=352"}],"wp:term":[{"taxonomy":"category","embeddable":true,"href":"https:\/\/cejc-madrid.org\/index.php\/wp-json\/wp\/v2\/categories?post=352"},{"taxonomy":"post_tag","embeddable":true,"href":"https:\/\/cejc-madrid.org\/index.php\/wp-json\/wp\/v2\/tags?post=352"}],"curies":[{"name":"wp","href":"https:\/\/api.w.org\/{rel}","templated":true}]}}