{"id":356,"date":"2011-11-04T11:22:22","date_gmt":"2011-11-04T11:22:22","guid":{"rendered":"https:\/\/upbeat-goodall.82-223-35-84.plesk.page\/index.php\/2011\/11\/04\/el-olivo-n-59\/"},"modified":"2011-11-04T11:22:22","modified_gmt":"2011-11-04T11:22:22","slug":"el-olivo-n-59","status":"publish","type":"post","link":"https:\/\/cejc-madrid.org\/index.php\/2011\/11\/04\/el-olivo-n-59\/","title":{"rendered":"El Olivo n\u00ba 59"},"content":{"rendered":"<p align=\"center\"><b>EL OLIVO    n\u00ba 59<\/b><\/p>\n<p align=\"center\">\u00a0<\/p>\n<p align=\"center\">Enero &#8211; Junio 2004<\/p>\n<p align=\"center\">\u00a0<\/p>\n<p align=\"center\"><span style=\"text-decoration: underline;\">\u00cdndice<\/span><\/p>\n<p align=\"left\">\u00a0<\/p>\n<p align=\"left\"><b>Las relaciones  judeo-cristianas en la actualidad: Documentos del Vaticano, intervenciones del  Papa Juan Pablo II, el documento \u00abDabru Emet\u00bb<\/b><i> &#8211; <\/i>Ionel Mihalovici  &#8211; Centro de Estudios  Judeo-Cristianos<b>&nbsp;<\/b><\/p>\n<p align=\"left\"><b>La Medicina en  las Sagradas Escrituras &#8211;<\/b><i><b> <\/b><\/i>Felix Berdugo Bendahan &#8211; Comunidad Jud\u00eda de Madrid<b>&nbsp;<\/b><\/p>\n<p align=\"left\"><b>Sobre el  cristianismo: hacia un proceso de curaci\u00f3n hist\u00f3rica y espiritual. Entender al  otro como persona de Dios &#8211;<\/b><i><b> <\/b><\/i>Leon Klenicki<i> &#8211; <\/i>Nueva  York<b>&nbsp;<\/b><\/p>\n<p align=\"left\"><b>Influencia  esenia en el monacato cristiano &#8211;<\/b>Juan  Antonio Garc\u00eda Mam\u00e1<i>n <\/i>&#8211; Centro de Estudios Judeo-Cristiano<b>s <\/b><\/p>\n<p align=\"left\"><b>Aspectos  convergentes en la m\u00edstica jud\u00eda &#8211;<\/b>Ana  Kowarik &#8211; Centro de  Estudios Judeo-Cristianos<b>&nbsp;<\/b><\/p>\n<p align=\"left\"><b>La roca de  Israel: La primera sinagoga de las Am\u00e9ricas &#8211;<\/b>Pilar Roca Escalante &#8211; Universidade Federal da Para\u00edba<\/p>\n<p align=\"left\">\u00a0<\/p>\n<p align=\"left\">Documentaci\u00f3n:<b>&nbsp;<\/b><\/p>\n<p align=\"left\"><b>Declaraci\u00f3n  conjunta de la Delegaci\u00f3n del Gran Rabino de Israel y la Comisi\u00f3n de la Santa  Sede para las Relaciones Religiosas con el Juda\u00edsmo<\/b><i>&nbsp;<\/i><\/p>\n<p align=\"left\"><i>Jerusalem, 3 de diciembre de  2003-Kislev 8, 5764 <\/i><\/p>\n","protected":false},"excerpt":{"rendered":"<p>EL OLIVO n\u00ba 59 \u00a0 Enero &#8211; Junio 2004 \u00a0 \u00cdndice \u00a0 Las relaciones judeo-cristianas en la actualidad: Documentos del Vaticano, intervenciones del Papa Juan Pablo II, el documento \u00abDabru Emet\u00bb &#8211; Ionel Mihalovici &#8211; Centro de Estudios Judeo-Cristianos&nbsp; La Medicina en las Sagradas Escrituras &#8211; Felix Berdugo Bendahan &#8211; Comunidad Jud\u00eda de Madrid&nbsp; Sobre [&hellip;]<\/p>\n","protected":false},"author":1,"featured_media":0,"comment_status":"open","ping_status":"open","sticky":false,"template":"","format":"standard","meta":{"_et_pb_use_builder":"","_et_pb_old_content":"","_et_gb_content_width":"","footnotes":""},"categories":[25],"tags":[],"class_list":["post-356","post","type-post","status-publish","format-standard","hentry","category-revista-qel-olivoq"],"_links":{"self":[{"href":"https:\/\/cejc-madrid.org\/index.php\/wp-json\/wp\/v2\/posts\/356","targetHints":{"allow":["GET"]}}],"collection":[{"href":"https:\/\/cejc-madrid.org\/index.php\/wp-json\/wp\/v2\/posts"}],"about":[{"href":"https:\/\/cejc-madrid.org\/index.php\/wp-json\/wp\/v2\/types\/post"}],"author":[{"embeddable":true,"href":"https:\/\/cejc-madrid.org\/index.php\/wp-json\/wp\/v2\/users\/1"}],"replies":[{"embeddable":true,"href":"https:\/\/cejc-madrid.org\/index.php\/wp-json\/wp\/v2\/comments?post=356"}],"version-history":[{"count":0,"href":"https:\/\/cejc-madrid.org\/index.php\/wp-json\/wp\/v2\/posts\/356\/revisions"}],"wp:attachment":[{"href":"https:\/\/cejc-madrid.org\/index.php\/wp-json\/wp\/v2\/media?parent=356"}],"wp:term":[{"taxonomy":"category","embeddable":true,"href":"https:\/\/cejc-madrid.org\/index.php\/wp-json\/wp\/v2\/categories?post=356"},{"taxonomy":"post_tag","embeddable":true,"href":"https:\/\/cejc-madrid.org\/index.php\/wp-json\/wp\/v2\/tags?post=356"}],"curies":[{"name":"wp","href":"https:\/\/api.w.org\/{rel}","templated":true}]}}