{"id":358,"date":"2011-11-04T11:23:12","date_gmt":"2011-11-04T11:23:12","guid":{"rendered":"https:\/\/upbeat-goodall.82-223-35-84.plesk.page\/index.php\/2011\/11\/04\/el-olivo-n-61-62\/"},"modified":"2011-11-04T11:23:12","modified_gmt":"2011-11-04T11:23:12","slug":"el-olivo-n-61-62","status":"publish","type":"post","link":"https:\/\/cejc-madrid.org\/index.php\/2011\/11\/04\/el-olivo-n-61-62\/","title":{"rendered":"El Olivo n\u00ba 61-62"},"content":{"rendered":"<p align=\"center\"><b>EL OLIVO    n\u00ba 61-62<\/b><\/p>\n<p align=\"center\">\u00a0<\/p>\n<p align=\"center\">Enero- Diciembre 2005<\/p>\n<p align=\"center\">\u00a0<\/p>\n<p align=\"center\"><span style=\"text-decoration: underline;\">\u00cdndice<\/span><\/p>\n<dl>\n<div align=\"center\"><center> <\/p>\n<dt><i>Actas del XVIII Simposio Hispano-Israel\u00ed, celebrado  en diciembre de 2004<\/i> <\/dt>\n<p><\/center><\/div>\n<div align=\"center\"><center> <\/p>\n<dt><i> en la Universidad Hebrea de Jerusal\u00e9n, la  Universidad Bar-Il\u00e1n y el Instituto Cervantes de Tel-Aviv<\/i> <\/dt>\n<p><\/center><\/div>\n<div align=\"center\"><center> <\/p>\n<dd>\n<p align=\"center\">\u00a0<\/p>\n<p><\/dd>\n<p><\/center><\/div>\n<\/dl>\n<p align=\"left\"><b>La p\u00e9rdida del  absoluto en la cultura  jur\u00eddica europea &#8211; <\/b>Mar\u00eda Albert  M\u00e1rquez<b>&nbsp;<\/b><\/p>\n<p align=\"left\"><b>Perd\u00f3n,  contrici\u00f3n y arrepentimiento en la tradici\u00f3n jud\u00eda &#8211;<\/b><i><b> <\/b><\/i>Rabino Yerahmiel Barylka<b>&nbsp;<\/b><\/p>\n<p align=\"left\"><b>Los cambios en  la Iglesia cat\u00f3lica en Espa\u00f1a desde el Concilio Vaticano II &#8211;<\/b><i><b> <\/b><\/i>Graciela Ben-Dro<\/p>\n<p align=\"left\"><b>El cargo de Rab  Mayor de la corte durante el reinado de Juan II: el camino hacia la  centralizaci\u00f3n &#8211;<\/b><i><b> <\/b><\/i>Macarena Crespo<b>&nbsp;<\/b><\/p>\n<p align=\"left\"><b>Algunas  reflexiones filos\u00f3ficas sobre la extensi\u00f3n y la naturaleza del  fundamentalismo &#8211;<\/b><i><b> <\/b><\/i>Miguel Garc\u00eda-Bar\u00f3<b>&nbsp;<\/b><\/p>\n<p align=\"left\"><b>Sefarad de  Antonio Mu\u00f1oz Molina: de la historia puntual al paradigma  universal &#8211;<\/b><b> <\/b>Florinda F. Goldbrg<b> <\/b><\/p>\n<p align=\"left\"><b>La  interpretaci\u00f3n de la tradici\u00f3n jud\u00eda a la luz de los grandes corrientes del  derecho &#8211;<\/b><i><b> <\/b><\/i>Israel Jamitovsky<b>&nbsp;<\/b><\/p>\n<p align=\"left\"><b>Conflicto  intercultural y laicismo tolerante &#8211;<\/b><i><b> <\/b><\/i>Natan Lerner<b>&nbsp;<\/b><\/p>\n<p align=\"left\"><b>Dos retos del  pensamiento jud\u00edo a la idea cristiana del perd\u00f3n &#8211;<\/b><i><b> <\/b><\/i>Fernando Mill\u00e1n Romeral<b>&nbsp;<\/b><\/p>\n<p align=\"left\"><b>Maim\u00f3nides y el  martirologio en las conversiones forzadas &#8211;<\/b><i><b> <\/b><\/i>Mois\u00e9s Orfali<b>&nbsp;<\/b><\/p>\n<p align=\"left\"><b>Observaciones  sobre la evoluci\u00f3n legislativa de las uniones matrimoniales y de pareja en  Europa e Israel &#8211;<\/b><i><b> <\/b><\/i>Montserrat Perales Agust\u00ed<b>&nbsp;<\/b><\/p>\n<p align=\"left\"><b>Las distorsiones  de la perspectiva espa\u00f1ola sobre Israel &#8211;<\/b><b> <\/b>Ignacio S\u00e1nchez C\u00e1mara<b>&nbsp;<\/b><\/p>\n<p align=\"left\"><b>\u00bfEs Israel un  pa\u00eds europeo?<\/b><i><b> &#8211; <\/b><\/i>Najum Schutz <b>&nbsp;<\/b><\/p>\n<p align=\"left\"><b>Posmodernismo y  responsabilidad &#8211;<\/b><i><b> <\/b><\/i>Samuel Scolnicov <b>&nbsp;<\/b><\/p>\n<p align=\"left\"><b>Influencia del  juda\u00edsmo en la formaci\u00f3n de Europa<\/b><i><b> &#8211; <\/b><\/i>Fernando Su\u00e1rez Bilbao<\/p>\n<blockquote><\/blockquote>\n","protected":false},"excerpt":{"rendered":"<p>EL OLIVO n\u00ba 61-62 \u00a0 Enero- Diciembre 2005 \u00a0 \u00cdndice Actas del XVIII Simposio Hispano-Israel\u00ed, celebrado en diciembre de 2004 en la Universidad Hebrea de Jerusal\u00e9n, la Universidad Bar-Il\u00e1n y el Instituto Cervantes de Tel-Aviv \u00a0 La p\u00e9rdida del absoluto en la cultura jur\u00eddica europea &#8211; Mar\u00eda Albert M\u00e1rquez&nbsp; Perd\u00f3n, contrici\u00f3n y arrepentimiento en la [&hellip;]<\/p>\n","protected":false},"author":1,"featured_media":0,"comment_status":"open","ping_status":"open","sticky":false,"template":"","format":"standard","meta":{"_et_pb_use_builder":"","_et_pb_old_content":"","_et_gb_content_width":"","footnotes":""},"categories":[25],"tags":[],"class_list":["post-358","post","type-post","status-publish","format-standard","hentry","category-revista-qel-olivoq"],"_links":{"self":[{"href":"https:\/\/cejc-madrid.org\/index.php\/wp-json\/wp\/v2\/posts\/358","targetHints":{"allow":["GET"]}}],"collection":[{"href":"https:\/\/cejc-madrid.org\/index.php\/wp-json\/wp\/v2\/posts"}],"about":[{"href":"https:\/\/cejc-madrid.org\/index.php\/wp-json\/wp\/v2\/types\/post"}],"author":[{"embeddable":true,"href":"https:\/\/cejc-madrid.org\/index.php\/wp-json\/wp\/v2\/users\/1"}],"replies":[{"embeddable":true,"href":"https:\/\/cejc-madrid.org\/index.php\/wp-json\/wp\/v2\/comments?post=358"}],"version-history":[{"count":0,"href":"https:\/\/cejc-madrid.org\/index.php\/wp-json\/wp\/v2\/posts\/358\/revisions"}],"wp:attachment":[{"href":"https:\/\/cejc-madrid.org\/index.php\/wp-json\/wp\/v2\/media?parent=358"}],"wp:term":[{"taxonomy":"category","embeddable":true,"href":"https:\/\/cejc-madrid.org\/index.php\/wp-json\/wp\/v2\/categories?post=358"},{"taxonomy":"post_tag","embeddable":true,"href":"https:\/\/cejc-madrid.org\/index.php\/wp-json\/wp\/v2\/tags?post=358"}],"curies":[{"name":"wp","href":"https:\/\/api.w.org\/{rel}","templated":true}]}}