{"id":359,"date":"2011-11-04T11:23:50","date_gmt":"2011-11-04T11:23:50","guid":{"rendered":"https:\/\/upbeat-goodall.82-223-35-84.plesk.page\/index.php\/2011\/11\/04\/el-olivo-n-63\/"},"modified":"2011-11-04T11:23:50","modified_gmt":"2011-11-04T11:23:50","slug":"el-olivo-n-63","status":"publish","type":"post","link":"https:\/\/cejc-madrid.org\/index.php\/2011\/11\/04\/el-olivo-n-63\/","title":{"rendered":"El Olivo n\u00ba 63"},"content":{"rendered":"<p align=\"center\"><b>EL OLIVO    n\u00ba 63<\/b><\/p>\n<p align=\"center\">\u00a0<\/p>\n<p align=\"center\">Enero &#8211; Junio 2006<\/p>\n<p align=\"center\">\u00a0<\/p>\n<p align=\"center\"><span style=\"text-decoration: underline;\">\u00cdndice<\/span><\/p>\n<p align=\"center\"><span style=\"text-decoration: underline;\"><br \/><\/span><\/p>\n<p align=\"left\"><b>Circuncisi\u00f3n:  vino, sangre y  salvaci\u00f3n en el juda\u00edsmo rab\u00ednico<\/b><i> &#8211; <\/i>Rabino Adrian Herbst &#8211; Buenos Aires<b>&nbsp;<\/b><\/p>\n<p align=\"left\"><b>A\u00f1o sab\u00e1tico y  a\u00f1o jubilar: entre la realidad y la utop\u00eda &#8211;<\/b><i><b> <\/b><\/i>Guadalupe Seijas de los R\u00edos-Zarzosa &#8211; U. Complutense &#8211; Madrid<b>&nbsp;<\/b><\/p>\n<p align=\"left\"><b>La acusaci\u00f3n de  crimen ritual. Una aproximaci\u00f3n a su iconograf\u00eda a partir del caso del Santo  Ni\u00f1o de la Guardia &#8211;<\/b><i><b> <\/b><\/i>Paulino Rodr\u00edguez Barral &#8211; Geortown University &#8211; Washington<b>&nbsp;<\/b><\/p>\n<p align=\"left\"><b>La convivencia  de lo cotidiano: tiempos y espacios del judaizante castellano<\/b><i> &#8211; <\/i>Ricardo Mu\u00f1oz Solla &#8211;  Universidad de Salamanca<\/p>\n<blockquote><\/blockquote>\n","protected":false},"excerpt":{"rendered":"<p>EL OLIVO n\u00ba 63 \u00a0 Enero &#8211; Junio 2006 \u00a0 \u00cdndice Circuncisi\u00f3n: vino, sangre y salvaci\u00f3n en el juda\u00edsmo rab\u00ednico &#8211; Rabino Adrian Herbst &#8211; Buenos Aires&nbsp; A\u00f1o sab\u00e1tico y a\u00f1o jubilar: entre la realidad y la utop\u00eda &#8211; Guadalupe Seijas de los R\u00edos-Zarzosa &#8211; U. Complutense &#8211; Madrid&nbsp; La acusaci\u00f3n de crimen ritual. Una [&hellip;]<\/p>\n","protected":false},"author":1,"featured_media":0,"comment_status":"open","ping_status":"open","sticky":false,"template":"","format":"standard","meta":{"_et_pb_use_builder":"","_et_pb_old_content":"","_et_gb_content_width":"","footnotes":""},"categories":[25],"tags":[],"class_list":["post-359","post","type-post","status-publish","format-standard","hentry","category-revista-qel-olivoq"],"_links":{"self":[{"href":"https:\/\/cejc-madrid.org\/index.php\/wp-json\/wp\/v2\/posts\/359","targetHints":{"allow":["GET"]}}],"collection":[{"href":"https:\/\/cejc-madrid.org\/index.php\/wp-json\/wp\/v2\/posts"}],"about":[{"href":"https:\/\/cejc-madrid.org\/index.php\/wp-json\/wp\/v2\/types\/post"}],"author":[{"embeddable":true,"href":"https:\/\/cejc-madrid.org\/index.php\/wp-json\/wp\/v2\/users\/1"}],"replies":[{"embeddable":true,"href":"https:\/\/cejc-madrid.org\/index.php\/wp-json\/wp\/v2\/comments?post=359"}],"version-history":[{"count":0,"href":"https:\/\/cejc-madrid.org\/index.php\/wp-json\/wp\/v2\/posts\/359\/revisions"}],"wp:attachment":[{"href":"https:\/\/cejc-madrid.org\/index.php\/wp-json\/wp\/v2\/media?parent=359"}],"wp:term":[{"taxonomy":"category","embeddable":true,"href":"https:\/\/cejc-madrid.org\/index.php\/wp-json\/wp\/v2\/categories?post=359"},{"taxonomy":"post_tag","embeddable":true,"href":"https:\/\/cejc-madrid.org\/index.php\/wp-json\/wp\/v2\/tags?post=359"}],"curies":[{"name":"wp","href":"https:\/\/api.w.org\/{rel}","templated":true}]}}