{"id":36,"date":"2011-11-04T11:07:33","date_gmt":"2011-11-04T11:07:33","guid":{"rendered":"https:\/\/upbeat-goodall.82-223-35-84.plesk.page\/index.php\/2011\/11\/04\/el-olivo-no-29-30\/"},"modified":"2011-11-04T11:07:33","modified_gmt":"2011-11-04T11:07:33","slug":"el-olivo-no-29-30","status":"publish","type":"post","link":"https:\/\/cejc-madrid.org\/index.php\/2011\/11\/04\/el-olivo-no-29-30\/","title":{"rendered":"El Olivo n\u00ba 29-30"},"content":{"rendered":"<p align=\"center\"><b>EL OLIVO    n\u00ba 29-30<\/b><\/p>\n<p align=\"center\">\u00a0<\/p>\n<p align=\"center\">Enero-Diciembre  1989<\/p>\n<p align=\"center\">\u00a0<\/p>\n<p align=\"center\"><span style=\"text-decoration: underline;\">\u00cdndice<\/span><\/p>\n<p align=\"center\">\u00a0<\/p>\n<p align=\"center\">Volumen  Dedicado a D. Luis Su\u00e1rez Fern\u00e1ndez<\/p>\n<p align=\"center\">\u00a0<\/p>\n<p style=\"text-align: justify;\" align=\"left\"><b>De las Biblias  romanceadas al Pentateuco de Constantinopla<\/b><i><b> &#8211; <\/b><\/i>Lorenzo Amigo Espada<b>&nbsp;<\/b><\/p>\n<p align=\"left\"><b>La di\u00e1spora  sefard\u00ed hacia Jerusal\u00e9n holandesa del siglo XVII &#8211; <\/b>Esther Bartolom\u00e9 Pons<\/p>\n<p align=\"left\"><b>Dos ejemplos del  primitivo criptojuda\u00edsmo en Cuenca &#8211; <\/b>Carlos Carrete Parrondo<\/p>\n<p align=\"left\"><b>De la  antig\u00fcedad, universalidad y amor, seg\u00fan Le\u00f3n Hebreo &#8211;<\/b> Miguel Garc\u00eda-Bar\u00f3<\/p>\n<p align=\"left\"><b>Pleito de unos  judeoconversos de Ar\u00e9valo. La Ketubbah de Torrelobat\u00f3n 1480 &#8211; <\/b>Mar\u00eda Fuencisla Garc\u00eda  Casar<\/p>\n<p align=\"left\"><b>La Compa\u00f1\u00eda de  Jes\u00fas y los estudios b\u00edblicos &#8211;<\/b> Luis Garc\u00eda Iglesias<\/p>\n<p align=\"left\"><b>La Revoluci\u00f3n Francesa y los  jud\u00edos &#8211;<\/b> Antoni Gisberti Janot<\/p>\n<p align=\"left\"><b>Las Cortes de C\u00e1diz y el problema  jud\u00edo &#8211; <\/b>Isidro Gonz\u00e1lez Garc\u00eda<\/p>\n<p align=\"left\"><b>Muerte y mentalidad hispano-jud\u00eda  (siglos XIII-XV) &#8211;<\/b> E. Gutwirth<\/p>\n<p align=\"left\"><b><i>Los conversos de C\u00f3rdoba en  1497 &#8211;<\/i><\/b> Miguel Angel Ladero Quesado<\/p>\n<p align=\"left\"><b><i>Estado, individuo, grupo: hac\u00eda  una sociedad pluralista &#8211;<\/i><\/b>Nat\u00e1n Lerner<\/p>\n<p align=\"left\"><b><i>Las aspiraciones mesi\u00e1nicas de  los conversos en la Castilla de mediados del siglo XV &#8211;<\/i><\/b> Alisa Meyuhas Ginio<\/p>\n<p align=\"left\"><b><i>Noticias sobre los ritos de los  nacimientos y de la pureza de las judeo-conversas castellanas del siglo  XVI &#8211; <\/i><\/b>Ren\u00e9e Levine Melamed<\/p>\n<p align=\"left\"><b><i>Las aljamas de la Corona de  Arag\u00f3n y su organizaci\u00f3n (siglo XIV) &#8211;<\/i><\/b> Ren\u00e9e Levine Melamed<\/p>\n<p align=\"left\"><b><i>Noticias sobre los ritos de los  nacimientos y de la pureza de las judeo-conversas castellanas del siglo  XVI<\/i><\/b><i><b>&nbsp;<\/b><\/i><\/p>\n<p align=\"left\">\u00a0<\/p>\n<p align=\"left\"><i><b>Documentaci\u00f3n<\/b><\/i><\/p>\n<p align=\"left\">Acuerdo de Cooperaci\u00f3n entre el  Estado y la Federaci\u00f3n de Comunidades Israelitas de Espa\u00f1a<\/p>\n","protected":false},"excerpt":{"rendered":"<p>EL OLIVO n\u00ba 29-30 \u00a0 Enero-Diciembre 1989 \u00a0 \u00cdndice \u00a0 Volumen Dedicado a D. Luis Su\u00e1rez Fern\u00e1ndez \u00a0 De las Biblias romanceadas al Pentateuco de Constantinopla &#8211; Lorenzo Amigo Espada&nbsp; La di\u00e1spora sefard\u00ed hacia Jerusal\u00e9n holandesa del siglo XVII &#8211; Esther Bartolom\u00e9 Pons Dos ejemplos del primitivo criptojuda\u00edsmo en Cuenca &#8211; Carlos Carrete Parrondo De [&hellip;]<\/p>\n","protected":false},"author":1,"featured_media":0,"comment_status":"open","ping_status":"open","sticky":false,"template":"","format":"standard","meta":{"_et_pb_use_builder":"","_et_pb_old_content":"","_et_gb_content_width":"","footnotes":""},"categories":[25],"tags":[],"class_list":["post-36","post","type-post","status-publish","format-standard","hentry","category-revista-qel-olivoq"],"_links":{"self":[{"href":"https:\/\/cejc-madrid.org\/index.php\/wp-json\/wp\/v2\/posts\/36","targetHints":{"allow":["GET"]}}],"collection":[{"href":"https:\/\/cejc-madrid.org\/index.php\/wp-json\/wp\/v2\/posts"}],"about":[{"href":"https:\/\/cejc-madrid.org\/index.php\/wp-json\/wp\/v2\/types\/post"}],"author":[{"embeddable":true,"href":"https:\/\/cejc-madrid.org\/index.php\/wp-json\/wp\/v2\/users\/1"}],"replies":[{"embeddable":true,"href":"https:\/\/cejc-madrid.org\/index.php\/wp-json\/wp\/v2\/comments?post=36"}],"version-history":[{"count":0,"href":"https:\/\/cejc-madrid.org\/index.php\/wp-json\/wp\/v2\/posts\/36\/revisions"}],"wp:attachment":[{"href":"https:\/\/cejc-madrid.org\/index.php\/wp-json\/wp\/v2\/media?parent=36"}],"wp:term":[{"taxonomy":"category","embeddable":true,"href":"https:\/\/cejc-madrid.org\/index.php\/wp-json\/wp\/v2\/categories?post=36"},{"taxonomy":"post_tag","embeddable":true,"href":"https:\/\/cejc-madrid.org\/index.php\/wp-json\/wp\/v2\/tags?post=36"}],"curies":[{"name":"wp","href":"https:\/\/api.w.org\/{rel}","templated":true}]}}