{"id":360,"date":"2011-11-04T11:24:14","date_gmt":"2011-11-04T11:24:14","guid":{"rendered":"https:\/\/upbeat-goodall.82-223-35-84.plesk.page\/index.php\/2011\/11\/04\/el-olivo-n-64\/"},"modified":"2011-11-04T11:24:14","modified_gmt":"2011-11-04T11:24:14","slug":"el-olivo-n-64","status":"publish","type":"post","link":"https:\/\/cejc-madrid.org\/index.php\/2011\/11\/04\/el-olivo-n-64\/","title":{"rendered":"El Olivo n\u00ba 64"},"content":{"rendered":"<p align=\"center\"><b>EL OLIVO    n\u00ba 64<\/b><\/p>\n<p align=\"center\">\u00a0<\/p>\n<p align=\"center\">Julio &#8211; Diciembre 2006<\/p>\n<p align=\"center\">\u00a0<\/p>\n<p align=\"center\"><span style=\"text-decoration: underline;\">\u00cdndice<\/span><\/p>\n<p align=\"left\">\u00a0<\/p>\n<p align=\"left\"><b>La creaci\u00f3n y  la historia del pueblo de Dios<\/b><i><b> &#8211; <\/b>S<\/i>or Esperanza Mary &#8211; Religiosa de Nuestra Se\u00f1ora de Si\u00f3n<b>&nbsp;<\/b><\/p>\n<p align=\"left\"><b>Un profeta  frente al mal (Jer 12, 1-17) &#8211;<\/b> M\u00aa Fuencisla Garc\u00eda Casar &#8211; Universidad de Salamanca<\/p>\n<p align=\"left\"><b>En torno a la  relaci\u00f3n del Antiguo Testamento con el Nuevo Testamento &#8211;<\/b><i><b> <\/b><\/i>Antonio Rodr\u00edguez Carmona &#8211; Granada<b>&nbsp;<\/b><\/p>\n<p align=\"left\"><b>El compromiso y  el matrimonio en el Juda\u00edsmo y en el Islam &#8211;<\/b><b> <\/b>Rabino Adri\u00e1n Javier Herbs<em>t <\/em>&#8211; Buenos Aires<b>Juda\u00edsmo,  marranismo y asimilaci\u00f3n en el nordeste brasile\u00f1o<\/b><i><b> &#8211; <\/b><\/i><b>&nbsp;<\/b>Pilar  Roca Escalante &#8211; Universidad Federal de  Para\u00edbo (Brasil)<span style=\"text-decoration: underline;\"><b>&nbsp;<\/b><\/span><\/p>\n<p align=\"left\">\u00a0<\/p>\n<p align=\"left\"><span style=\"text-decoration: underline;\"><b>Documentaci\u00f3n<\/b><\/span><b>&nbsp;<\/b><\/p>\n<p align=\"left\"><b>Discurso a la Comunidad Jud\u00eda para celebrar  el 40\u00ba Aniversario de <i>Nostra Aetate. 10 de mayo de 2006. Cardenal Sean  Patrick O&#8217;Malley. Arzobispo de Boston<\/i><\/b><\/p>\n<blockquote><\/blockquote>\n","protected":false},"excerpt":{"rendered":"<p>EL OLIVO n\u00ba 64 \u00a0 Julio &#8211; Diciembre 2006 \u00a0 \u00cdndice \u00a0 La creaci\u00f3n y la historia del pueblo de Dios &#8211; Sor Esperanza Mary &#8211; Religiosa de Nuestra Se\u00f1ora de Si\u00f3n&nbsp; Un profeta frente al mal (Jer 12, 1-17) &#8211; M\u00aa Fuencisla Garc\u00eda Casar &#8211; Universidad de Salamanca En torno a la relaci\u00f3n del [&hellip;]<\/p>\n","protected":false},"author":1,"featured_media":0,"comment_status":"open","ping_status":"open","sticky":false,"template":"","format":"standard","meta":{"_et_pb_use_builder":"","_et_pb_old_content":"","_et_gb_content_width":"","footnotes":""},"categories":[25],"tags":[],"class_list":["post-360","post","type-post","status-publish","format-standard","hentry","category-revista-qel-olivoq"],"_links":{"self":[{"href":"https:\/\/cejc-madrid.org\/index.php\/wp-json\/wp\/v2\/posts\/360","targetHints":{"allow":["GET"]}}],"collection":[{"href":"https:\/\/cejc-madrid.org\/index.php\/wp-json\/wp\/v2\/posts"}],"about":[{"href":"https:\/\/cejc-madrid.org\/index.php\/wp-json\/wp\/v2\/types\/post"}],"author":[{"embeddable":true,"href":"https:\/\/cejc-madrid.org\/index.php\/wp-json\/wp\/v2\/users\/1"}],"replies":[{"embeddable":true,"href":"https:\/\/cejc-madrid.org\/index.php\/wp-json\/wp\/v2\/comments?post=360"}],"version-history":[{"count":0,"href":"https:\/\/cejc-madrid.org\/index.php\/wp-json\/wp\/v2\/posts\/360\/revisions"}],"wp:attachment":[{"href":"https:\/\/cejc-madrid.org\/index.php\/wp-json\/wp\/v2\/media?parent=360"}],"wp:term":[{"taxonomy":"category","embeddable":true,"href":"https:\/\/cejc-madrid.org\/index.php\/wp-json\/wp\/v2\/categories?post=360"},{"taxonomy":"post_tag","embeddable":true,"href":"https:\/\/cejc-madrid.org\/index.php\/wp-json\/wp\/v2\/tags?post=360"}],"curies":[{"name":"wp","href":"https:\/\/api.w.org\/{rel}","templated":true}]}}